{"id":31960,"date":"2022-09-23T13:45:46","date_gmt":"2022-09-23T18:45:46","guid":{"rendered":"https:\/\/encuentroinformativo.com.mx\/?p=31960"},"modified":"2022-09-23T13:45:50","modified_gmt":"2022-09-23T18:45:50","slug":"descartan-solicitar-declaratoria-de-emergencia-para-medellin-de-bravo","status":"publish","type":"post","link":"https:\/\/encuentroinformativo.com.mx\/?p=31960","title":{"rendered":"Descartan solicitar declaratoria de emergencia para Medell\u00edn de Bravo"},"content":{"rendered":"\n<p><strong>Alejandro \u00c1vila<\/strong><\/p>\n\n\n\n<p>Medell\u00edn de Bravo, Ver.- El alcalde, Marcos Isle\u00f1o Andrade asegur\u00f3 que, no solicitar\u00e1 al Gobierno del Estado de Veracruz sean incluidos en la declaratoria de emergencia por las afectaciones que dejaron las lluvias.<\/p>\n\n\n\n<p>El edil se\u00f1al\u00f3 qu\u00e9, tras un recorrido por las zonas afectadas, \u00fanicamente 40 viviendas resultaron con desastres, mismas que ser\u00e1n apoyadas con recurso municipal.<\/p>\n\n\n\n<p>\u201cTuvimos muchas inundaciones pues no esper\u00e1bamos esta cantidad de agua. Afortunadamente no tenemos afectaciones mayores, sin embargo, se dar\u00e1 apoyo a las familias que resultaron afectadas por el desbordamiento del R\u00edo Cotaxtla\u201d, subray\u00f3.<\/p>\n\n\n\n<p>Las afectaciones m\u00e1s graves se dieron en la franja d\u00f3nde recorre el R\u00edo Cotaxtla, desde la localidad Celaya hasta La Esperanza, y tambi\u00e9n de El Copital hasta Juan Alfaro, d\u00f3nde ser\u00e1n apoyadas las familias y los productores primarios en sus cultivos.<\/p>\n\n\n\n<p>Cabe destacar que, Marcos Isle\u00f1o, recientemente se reuni\u00f3 con vecinos de Playa de Vaca, quienes padecen de inundaciones en cada periodo de lluvias.<\/p>\n\n\n\n<p>\u201cAcudimos al llamado de los vecinos de Playa de Vaca, tienen un problema muy fuerte de inundaci\u00f3n permanente en temporada de lluvias\u201d.&nbsp;<\/p>\n\n\n\n<p>\u201cAcordamos hacer los trabajos pertinentes para evitar ese problema, inclusive con el compromiso que si era necesario, modificaremos una obra presupuestada para hacer las pertinentes en la zona y resolver el problema\u201d.&nbsp;<\/p>\n\n\n\n<p>Finalmente, dijo que instruy\u00f3 a la direcci\u00f3n de Fomento Rural Sustentable, para que realice un censo de los productores primarios afectados en sus cultivos.<\/p>\n\n\n\n<p>Ellos tendr\u00e1n que llevar a las oficinas mencionadas, una solicitud por escrito que especifique el cultivo afectado, superficie y nombre la localidad, copia de la credencial del INE y fotograf\u00eda de los da\u00f1os al cultivo; el horario de atenci\u00f3n ser\u00e1 de 11 a 16 horas.<\/p>\n\n\n\n<p>De igual manera, coment\u00f3 que tambi\u00e9n se brindar\u00e1 apoyo a los ladrilleros que resultaron afectados por la reciente tromba registrada en la zona conurbada, dej\u00e1ndolos con severas p\u00e9rdidas.<\/p>\n","protected":false},"excerpt":{"rendered":"<p>Alejandro \u00c1vila Medell\u00edn de Bravo, Ver.- El alcalde, Marcos Isle\u00f1o Andrade asegur\u00f3 que, no solicitar\u00e1 al Gobierno del Estado de Veracruz sean incluidos en la declaratoria de emergencia por las afectaciones que dejaron las lluvias. El edil se\u00f1al\u00f3 qu\u00e9, tras un recorrido por las zonas afectadas, \u00fanicamente 40 viviendas resultaron con desastres, mismas que ser\u00e1n [&hellip;]<\/p>\n","protected":false},"author":1,"featured_media":31961,"comment_status":"open","ping_status":"open","sticky":false,"template":"","format":"standard","meta":{"_jetpack_memberships_contains_paid_content":false,"footnotes":""},"categories":[2],"tags":[],"class_list":["post-31960","post","type-post","status-publish","format-standard","has-post-thumbnail","hentry","category-estado"],"jetpack_featured_media_url":"https:\/\/encuentroinformativo.com.mx\/wp-content\/uploads\/2022\/09\/DDEC0D83-D855-4493-8936-0126B7573295.jpeg","jetpack_sharing_enabled":true,"jetpack_likes_enabled":true,"amp_enabled":true,"_links":{"self":[{"href":"https:\/\/encuentroinformativo.com.mx\/index.php?rest_route=\/wp\/v2\/posts\/31960","targetHints":{"allow":["GET"]}}],"collection":[{"href":"https:\/\/encuentroinformativo.com.mx\/index.php?rest_route=\/wp\/v2\/posts"}],"about":[{"href":"https:\/\/encuentroinformativo.com.mx\/index.php?rest_route=\/wp\/v2\/types\/post"}],"author":[{"embeddable":true,"href":"https:\/\/encuentroinformativo.com.mx\/index.php?rest_route=\/wp\/v2\/users\/1"}],"replies":[{"embeddable":true,"href":"https:\/\/encuentroinformativo.com.mx\/index.php?rest_route=%2Fwp%2Fv2%2Fcomments&post=31960"}],"version-history":[{"count":1,"href":"https:\/\/encuentroinformativo.com.mx\/index.php?rest_route=\/wp\/v2\/posts\/31960\/revisions"}],"predecessor-version":[{"id":31962,"href":"https:\/\/encuentroinformativo.com.mx\/index.php?rest_route=\/wp\/v2\/posts\/31960\/revisions\/31962"}],"wp:featuredmedia":[{"embeddable":true,"href":"https:\/\/encuentroinformativo.com.mx\/index.php?rest_route=\/wp\/v2\/media\/31961"}],"wp:attachment":[{"href":"https:\/\/encuentroinformativo.com.mx\/index.php?rest_route=%2Fwp%2Fv2%2Fmedia&parent=31960"}],"wp:term":[{"taxonomy":"category","embeddable":true,"href":"https:\/\/encuentroinformativo.com.mx\/index.php?rest_route=%2Fwp%2Fv2%2Fcategories&post=31960"},{"taxonomy":"post_tag","embeddable":true,"href":"https:\/\/encuentroinformativo.com.mx\/index.php?rest_route=%2Fwp%2Fv2%2Ftags&post=31960"}],"curies":[{"name":"wp","href":"https:\/\/api.w.org\/{rel}","templated":true}]}}