{"id":31963,"date":"2022-09-23T13:47:52","date_gmt":"2022-09-23T18:47:52","guid":{"rendered":"https:\/\/encuentroinformativo.com.mx\/?p=31963"},"modified":"2022-09-23T13:47:57","modified_gmt":"2022-09-23T18:47:57","slug":"protestan-abogados-en-veracruz-rechazan-cambio-de-juzgados","status":"publish","type":"post","link":"https:\/\/encuentroinformativo.com.mx\/?p=31963","title":{"rendered":"Protestan abogados en Veracruz, rechazan cambio de juzgados"},"content":{"rendered":"\n<p><strong>Alejandro \u00c1vila<\/strong><\/p>\n\n\n\n<p>Veracruz, Ver.- La decisi\u00f3n del Consejo de la Judicatura del Poder Judicial de trasladar el Juzgado 14 especializado en materia familiar y el Sexto de Primera Instancia a la ciudad de Cardel, no cay\u00f3 muy bien en decenas de abogados del Puerto de Veracruz, qui\u00e9nes se manifestaron la ma\u00f1ana de este viernes en la Ciudad Judicial.<\/p>\n\n\n\n<p>El Presidente del Colegio del Foro de Licenciados Especialistas y maestros y Doctores en Derecho, Octavio Pozos Mar\u00edn, reclam\u00f3 la decisi\u00f3n tomada este jueves por la tarde y adem\u00e1s, aclar\u00f3 que a\u00fan no se publica en la Gaceta Oficial, por lo cual todav\u00eda pueden pelear por dicha decisi\u00f3n.<\/p>\n\n\n\n<p>Se\u00f1al\u00f3 que est\u00e1 acci\u00f3n no solo contempla trasladar al Juzgado, sino tambi\u00e9n al personal, lo que representa afectaciones para las personas que llevan ah\u00ed sus asuntos penales, adem\u00e1s de la econom\u00eda de los empleados.<\/p>\n\n\n\n<p>Remarc\u00f3 que si el objetivo es llevar los Juzgados a Cardel, ser\u00eda m\u00e1s f\u00e1cil formar uno nuevo y recontratar a las 100 personas que fueron despedidas injustificadamente.<\/p>\n\n\n\n<p>Remarc\u00f3 que con este traslado se ver\u00edan afectados m\u00e1s de 7 mil expedientes que ah\u00ed se llevan.<\/p>\n\n\n\n<p>&#8220;No consideramos prudente que se realice, esperamos que haya una reconsideraci\u00f3n&#8221;.<\/p>\n\n\n\n<p>Pozos Mar\u00edn, advirti\u00f3 que una vez que se publique en la Gaceta el traslado, se analizar\u00e1n las acciones penales que se llevar\u00e1n a cabo.<\/p>\n","protected":false},"excerpt":{"rendered":"<p>Alejandro \u00c1vila Veracruz, Ver.- La decisi\u00f3n del Consejo de la Judicatura del Poder Judicial de trasladar el Juzgado 14 especializado en materia familiar y el Sexto de Primera Instancia a la ciudad de Cardel, no cay\u00f3 muy bien en decenas de abogados del Puerto de Veracruz, qui\u00e9nes se manifestaron la ma\u00f1ana de este viernes en [&hellip;]<\/p>\n","protected":false},"author":1,"featured_media":31964,"comment_status":"open","ping_status":"open","sticky":false,"template":"","format":"standard","meta":{"_jetpack_memberships_contains_paid_content":false,"footnotes":""},"categories":[2],"tags":[],"class_list":["post-31963","post","type-post","status-publish","format-standard","has-post-thumbnail","hentry","category-estado"],"jetpack_featured_media_url":"https:\/\/encuentroinformativo.com.mx\/wp-content\/uploads\/2022\/09\/B0F747FA-9999-4AB7-A455-6F32C3CACAF5.jpeg","jetpack_sharing_enabled":true,"jetpack_likes_enabled":true,"amp_enabled":true,"_links":{"self":[{"href":"https:\/\/encuentroinformativo.com.mx\/index.php?rest_route=\/wp\/v2\/posts\/31963","targetHints":{"allow":["GET"]}}],"collection":[{"href":"https:\/\/encuentroinformativo.com.mx\/index.php?rest_route=\/wp\/v2\/posts"}],"about":[{"href":"https:\/\/encuentroinformativo.com.mx\/index.php?rest_route=\/wp\/v2\/types\/post"}],"author":[{"embeddable":true,"href":"https:\/\/encuentroinformativo.com.mx\/index.php?rest_route=\/wp\/v2\/users\/1"}],"replies":[{"embeddable":true,"href":"https:\/\/encuentroinformativo.com.mx\/index.php?rest_route=%2Fwp%2Fv2%2Fcomments&post=31963"}],"version-history":[{"count":1,"href":"https:\/\/encuentroinformativo.com.mx\/index.php?rest_route=\/wp\/v2\/posts\/31963\/revisions"}],"predecessor-version":[{"id":31965,"href":"https:\/\/encuentroinformativo.com.mx\/index.php?rest_route=\/wp\/v2\/posts\/31963\/revisions\/31965"}],"wp:featuredmedia":[{"embeddable":true,"href":"https:\/\/encuentroinformativo.com.mx\/index.php?rest_route=\/wp\/v2\/media\/31964"}],"wp:attachment":[{"href":"https:\/\/encuentroinformativo.com.mx\/index.php?rest_route=%2Fwp%2Fv2%2Fmedia&parent=31963"}],"wp:term":[{"taxonomy":"category","embeddable":true,"href":"https:\/\/encuentroinformativo.com.mx\/index.php?rest_route=%2Fwp%2Fv2%2Fcategories&post=31963"},{"taxonomy":"post_tag","embeddable":true,"href":"https:\/\/encuentroinformativo.com.mx\/index.php?rest_route=%2Fwp%2Fv2%2Ftags&post=31963"}],"curies":[{"name":"wp","href":"https:\/\/api.w.org\/{rel}","templated":true}]}}