{"id":31974,"date":"2022-09-23T16:44:45","date_gmt":"2022-09-23T21:44:45","guid":{"rendered":"https:\/\/encuentroinformativo.com.mx\/?p=31974"},"modified":"2022-09-23T16:44:49","modified_gmt":"2022-09-23T21:44:49","slug":"todo-un-exito-la-gala-benefica-2022-organizada-por-el-dif-boca-del-rio","status":"publish","type":"post","link":"https:\/\/encuentroinformativo.com.mx\/?p=31974","title":{"rendered":"Todo un \u00e9xito la Gala Ben\u00e9fica 2022 organizada por el DIF Boca del R\u00edo"},"content":{"rendered":"\n<p><strong>*<em>Con esta noble causa, se otorgar\u00e1n mastograf\u00edas gratuitas en el mes de la lucha contra el c\u00e1ncer de mama<\/em>.<\/strong><\/p>\n\n\n\n<p>Boca del R\u00edo, Ver.- La noche de este jueves se llev\u00f3 a cabo la Gala Ben\u00e9fica 2022 que el DIF Municipal de Boca del R\u00edo en conjunto con la tienda departamental <em>Liverpool<\/em> organizaron en beneficio de las mujeres boque\u00f1as.<\/p>\n\n\n\n<p>Lo recaudado ser\u00e1 destinado en su totalidad para mastograf\u00edas que se realizar\u00e1n sin ning\u00fan costo durante octubre, mes de la lucha contra el c\u00e1ncer de mama; as\u00ed lo dio a conocer la presidenta del DIF municipal, Melina Rivera de Un\u00e1nue quien a su vez agradeci\u00f3 el apoyo del alcalde Juan Manuel de Un\u00e1nue Abascal.<\/p>\n\n\n\n<p>&#8220;El DIF boque\u00f1o ha estado trabajando muy duro desde el primer d\u00eda de la administraci\u00f3n que encabeza mi esposo, a quien le agradezco su apoyo incondicional; gracias Juan por impulsar esta causa, por apoyarnos y ser parte de nuestros proyectos&#8221;, dijo.<\/p>\n\n\n\n<p>Por su parte, el Presidente Municipal felicit\u00f3 las acciones del DIF municipal y agradeci\u00f3 a todos los patrocinadores que se sumaron a esta noble causa.<\/p>\n\n\n\n<p>Bajo el lema &#8220;Por una detecci\u00f3n oportuna&#8221;, durante esta Gala Ben\u00e9fica, el DIF municipal sum\u00f3 esfuerzos con Liverpool para presentar por primera vez en Boca del R\u00edo, el Fashion Show, en el que se mostraron las \u00faltimas tendencias de la temporada oto\u00f1o-invierno.<\/p>\n\n\n\n<p>&#8220;Ustedes son parte muy importante de este proyecto; cada persona que compr\u00f3 su boleto no solo disfrutar\u00e1 de esta noche especial, sino que, se convertir\u00e1 en la persona que apadrinar\u00e1 a una mujer boque\u00f1a para que reciba de manera gratuita una mastograf\u00eda&#8221;, agreg\u00f3 Melina Rivera.<\/p>\n\n\n\n<p>Finalmente la presidenta del DIF municipal, asegur\u00f3 que seguir\u00e1 trabajando con las empresas y asociaciones que busquen el bien de quienes m\u00e1s lo necesitan. Afirm\u00f3 que con esta Gala Ben\u00e9fica, las mastograf\u00edas gratuitas podr\u00e1n salvar vidas.<\/p>\n","protected":false},"excerpt":{"rendered":"<p>*Con esta noble causa, se otorgar\u00e1n mastograf\u00edas gratuitas en el mes de la lucha contra el c\u00e1ncer de mama. Boca del R\u00edo, Ver.- La noche de este jueves se llev\u00f3 a cabo la Gala Ben\u00e9fica 2022 que el DIF Municipal de Boca del R\u00edo en conjunto con la tienda departamental Liverpool organizaron en beneficio de [&hellip;]<\/p>\n","protected":false},"author":1,"featured_media":31975,"comment_status":"open","ping_status":"open","sticky":false,"template":"","format":"standard","meta":{"_jetpack_memberships_contains_paid_content":false,"footnotes":""},"categories":[2],"tags":[],"class_list":["post-31974","post","type-post","status-publish","format-standard","has-post-thumbnail","hentry","category-estado"],"jetpack_featured_media_url":"https:\/\/encuentroinformativo.com.mx\/wp-content\/uploads\/2022\/09\/DA355D57-8DA0-49C3-8889-720EAE5EA1E6.jpeg","jetpack_sharing_enabled":true,"jetpack_likes_enabled":true,"amp_enabled":true,"_links":{"self":[{"href":"https:\/\/encuentroinformativo.com.mx\/index.php?rest_route=\/wp\/v2\/posts\/31974","targetHints":{"allow":["GET"]}}],"collection":[{"href":"https:\/\/encuentroinformativo.com.mx\/index.php?rest_route=\/wp\/v2\/posts"}],"about":[{"href":"https:\/\/encuentroinformativo.com.mx\/index.php?rest_route=\/wp\/v2\/types\/post"}],"author":[{"embeddable":true,"href":"https:\/\/encuentroinformativo.com.mx\/index.php?rest_route=\/wp\/v2\/users\/1"}],"replies":[{"embeddable":true,"href":"https:\/\/encuentroinformativo.com.mx\/index.php?rest_route=%2Fwp%2Fv2%2Fcomments&post=31974"}],"version-history":[{"count":1,"href":"https:\/\/encuentroinformativo.com.mx\/index.php?rest_route=\/wp\/v2\/posts\/31974\/revisions"}],"predecessor-version":[{"id":31976,"href":"https:\/\/encuentroinformativo.com.mx\/index.php?rest_route=\/wp\/v2\/posts\/31974\/revisions\/31976"}],"wp:featuredmedia":[{"embeddable":true,"href":"https:\/\/encuentroinformativo.com.mx\/index.php?rest_route=\/wp\/v2\/media\/31975"}],"wp:attachment":[{"href":"https:\/\/encuentroinformativo.com.mx\/index.php?rest_route=%2Fwp%2Fv2%2Fmedia&parent=31974"}],"wp:term":[{"taxonomy":"category","embeddable":true,"href":"https:\/\/encuentroinformativo.com.mx\/index.php?rest_route=%2Fwp%2Fv2%2Fcategories&post=31974"},{"taxonomy":"post_tag","embeddable":true,"href":"https:\/\/encuentroinformativo.com.mx\/index.php?rest_route=%2Fwp%2Fv2%2Ftags&post=31974"}],"curies":[{"name":"wp","href":"https:\/\/api.w.org\/{rel}","templated":true}]}}