{"id":31977,"date":"2022-09-23T22:01:22","date_gmt":"2022-09-24T03:01:22","guid":{"rendered":"https:\/\/encuentroinformativo.com.mx\/?p=31977"},"modified":"2022-09-23T22:01:25","modified_gmt":"2022-09-24T03:01:25","slug":"realizan-audiencia-de-tito-n-podria-obtener-libertad","status":"publish","type":"post","link":"https:\/\/encuentroinformativo.com.mx\/?p=31977","title":{"rendered":"Realizan audiencia de Tito N; podr\u00eda obtener libertad"},"content":{"rendered":"\n<p><strong>Juan Arcos <\/strong><\/p>\n\n\n\n<p>Coatepec, Ver.- El panista Tito Delf\u00edn Cano ingres\u00f3 a audiencia en las salas de juicios orales, con sede en el penal de Pacho Viejo, municipio de Coatepec.<\/p>\n\n\n\n<p>El exaspirante a la dirigencia estatal del Partido Acci\u00f3n Nacional (PAN) fue trasladado a los juzgados donde se prev\u00e9 que obtenga su libertad tras un amparo a su favor por parte de la justicia federal.<\/p>\n\n\n\n<p>Delf\u00edn Cano fue arrestado en un ret\u00e9n sobre la carretera \u00c1lamo-Cazones de Herrera, alrededor de la cinco de la tarde del s\u00e1bado 27 de noviembre, en la zona norte del estado.<\/p>\n\n\n\n<p>Posteriormente, la Fiscal\u00eda General del Estado (FGE) inform\u00f3 que a trav\u00e9s de la Fiscal\u00eda Especializada en Combate a la Corrupci\u00f3n, ejecut\u00f3 una orden de aprehensi\u00f3n en contra del panista por su probable responsabilidad en los delitos de abuso de autoridad, incumplimiento de un deber legal y fraude.<\/p>\n\n\n\n<p>Lo anterior, derivado de la carpeta de investigaci\u00f3n por hechos denunciados el 26 de mayo de 2017 en la Unidad Integral de Procuraci\u00f3n de Justicia de Cosamaloapan, Sub-Unidad Integral de Justicia en Tierra Blanca, que dieron origen al proceso penal 394\/2021.<\/p>\n\n\n\n<p>La resoluci\u00f3n del amparo fue notificada con fecha del 23 de septiembre de este a\u00f1o y fue dictada por el juez federal Ferm\u00edn Santiago Santiago.<\/p>\n\n\n\n<p>En el pasado proceso interno del PAN para la renovaci\u00f3n de la dirigencia estatal, fue el abanderado pol\u00edtico de la familia \u201cYunes\u201d; sin embargo, tras su detenci\u00f3n y en proceso penal en su contra, fue sustituido por Federico Salom\u00f3n Molina, actual presidente del Comit\u00e9 Directivo Estatal del albiazul en Veracruz.<\/p>\n\n\n\n<p>Alrededor de las 20:30 horas de decreto un receso de dos horas para la continuaci\u00f3n de la audiencia celebrada la noche de este viernes.\u00a0<\/p>\n","protected":false},"excerpt":{"rendered":"<p>Juan Arcos Coatepec, Ver.- El panista Tito Delf\u00edn Cano ingres\u00f3 a audiencia en las salas de juicios orales, con sede en el penal de Pacho Viejo, municipio de Coatepec. El exaspirante a la dirigencia estatal del Partido Acci\u00f3n Nacional (PAN) fue trasladado a los juzgados donde se prev\u00e9 que obtenga su libertad tras un amparo [&hellip;]<\/p>\n","protected":false},"author":1,"featured_media":31978,"comment_status":"open","ping_status":"open","sticky":false,"template":"","format":"standard","meta":{"_jetpack_memberships_contains_paid_content":false,"footnotes":""},"categories":[2],"tags":[],"class_list":["post-31977","post","type-post","status-publish","format-standard","has-post-thumbnail","hentry","category-estado"],"jetpack_featured_media_url":"https:\/\/encuentroinformativo.com.mx\/wp-content\/uploads\/2022\/09\/E7162C96-44A1-4182-A04B-55B94F3C037A.jpeg","jetpack_sharing_enabled":true,"jetpack_likes_enabled":true,"amp_enabled":true,"_links":{"self":[{"href":"https:\/\/encuentroinformativo.com.mx\/index.php?rest_route=\/wp\/v2\/posts\/31977","targetHints":{"allow":["GET"]}}],"collection":[{"href":"https:\/\/encuentroinformativo.com.mx\/index.php?rest_route=\/wp\/v2\/posts"}],"about":[{"href":"https:\/\/encuentroinformativo.com.mx\/index.php?rest_route=\/wp\/v2\/types\/post"}],"author":[{"embeddable":true,"href":"https:\/\/encuentroinformativo.com.mx\/index.php?rest_route=\/wp\/v2\/users\/1"}],"replies":[{"embeddable":true,"href":"https:\/\/encuentroinformativo.com.mx\/index.php?rest_route=%2Fwp%2Fv2%2Fcomments&post=31977"}],"version-history":[{"count":1,"href":"https:\/\/encuentroinformativo.com.mx\/index.php?rest_route=\/wp\/v2\/posts\/31977\/revisions"}],"predecessor-version":[{"id":31979,"href":"https:\/\/encuentroinformativo.com.mx\/index.php?rest_route=\/wp\/v2\/posts\/31977\/revisions\/31979"}],"wp:featuredmedia":[{"embeddable":true,"href":"https:\/\/encuentroinformativo.com.mx\/index.php?rest_route=\/wp\/v2\/media\/31978"}],"wp:attachment":[{"href":"https:\/\/encuentroinformativo.com.mx\/index.php?rest_route=%2Fwp%2Fv2%2Fmedia&parent=31977"}],"wp:term":[{"taxonomy":"category","embeddable":true,"href":"https:\/\/encuentroinformativo.com.mx\/index.php?rest_route=%2Fwp%2Fv2%2Fcategories&post=31977"},{"taxonomy":"post_tag","embeddable":true,"href":"https:\/\/encuentroinformativo.com.mx\/index.php?rest_route=%2Fwp%2Fv2%2Ftags&post=31977"}],"curies":[{"name":"wp","href":"https:\/\/api.w.org\/{rel}","templated":true}]}}