{"id":3198,"date":"2020-06-09T13:00:26","date_gmt":"2020-06-09T18:00:26","guid":{"rendered":"https:\/\/encuentroinformativo.com\/?p=3198"},"modified":"2020-06-09T13:00:29","modified_gmt":"2020-06-09T18:00:29","slug":"por-covid-19-registran-3-defunciones-en-coatepec","status":"publish","type":"post","link":"https:\/\/encuentroinformativo.com.mx\/?p=3198","title":{"rendered":"Por Covid-19, registran 3 defunciones en Coatepec"},"content":{"rendered":"\n<p><strong>Juan Arcos <\/strong><\/p>\n\n\n\n<p>Coatepec, Ver.- El presidente municipal de Coatepec, Luis Enrique Fern\u00e1ndez Peredo, lament\u00f3 que la cifra de defunciones por Covid-19 se haya elevado a tres en el Pueblo M\u00e1gico.<\/p>\n\n\n\n<p>Adem\u00e1s, revel\u00f3 que la cifra de casos confirmados aument\u00f3 a 18, durante las \u00faltimas 24 horas.<\/p>\n\n\n\n<p>Se trata de cinco casos m\u00e1s que ayer, de acuerdo con la informaci\u00f3n de la Secretar\u00eda de Salud del Estado de Veracruz.<\/p>\n\n\n\n<p>Tambi\u00e9n se contabilizan ocho casos sospechosos en dicha localidad.<\/p>\n\n\n\n<p>El Alcalde record\u00f3 que el uso de cubrebocas es obligatorio en Coatepec y, por ello, se llevar\u00e1n a cabo las acciones necesarias para que las ciudadanas y los ciudadanos acaten dicha medida.<\/p>\n\n\n\n<p>El gobierno municipal ha emprendido algunas acciones para prevenir el contagio de Covid-19.<\/p>\n\n\n\n<p>La Unidad Deportiva Roberto Amor\u00f3s Guiot, con domicilio en Mar\u00eda Enriqueta n\u00famero 7 de la colonia centro de la ciudad de Coatepec, fue clausurada de manera temporal al incumplir las disposiciones federales, estatales y municipales se\u00f1aladas en el art\u00edculo 16 fracci\u00f3n IV, en donde se establece el cierre temporal de los establecimientos de servicio no esenciales.<\/p>\n\n\n\n<p>Y es que, pese a las reiteradas recomendaciones realizadas, dicho espacio deportivo continuaba operando con normalidad.<\/p>\n\n\n\n<p>Por tal motivo, personal del ayuntamiento coloc\u00f3 sellos de suspensi\u00f3n temporal en el lugar mencionado.<\/p>\n\n\n\n<p><\/p>\n","protected":false},"excerpt":{"rendered":"<p>Juan Arcos Coatepec, Ver.- El presidente municipal de Coatepec, Luis Enrique Fern\u00e1ndez Peredo, lament\u00f3 que la cifra de defunciones por Covid-19 se haya elevado a tres en el Pueblo M\u00e1gico. Adem\u00e1s, revel\u00f3 que la cifra de casos confirmados aument\u00f3 a 18, durante las \u00faltimas 24 horas. Se trata de cinco casos m\u00e1s que ayer, de [&hellip;]<\/p>\n","protected":false},"author":1,"featured_media":3199,"comment_status":"open","ping_status":"open","sticky":false,"template":"","format":"standard","meta":{"_jetpack_memberships_contains_paid_content":false,"footnotes":""},"categories":[9],"tags":[],"class_list":["post-3198","post","type-post","status-publish","format-standard","has-post-thumbnail","hentry","category-salud"],"jetpack_featured_media_url":"https:\/\/encuentroinformativo.com.mx\/wp-content\/uploads\/2020\/06\/8F3C81D4-6B6A-4F21-A875-78F9F06FB24D.jpeg","jetpack_sharing_enabled":true,"jetpack_likes_enabled":true,"amp_enabled":true,"_links":{"self":[{"href":"https:\/\/encuentroinformativo.com.mx\/index.php?rest_route=\/wp\/v2\/posts\/3198","targetHints":{"allow":["GET"]}}],"collection":[{"href":"https:\/\/encuentroinformativo.com.mx\/index.php?rest_route=\/wp\/v2\/posts"}],"about":[{"href":"https:\/\/encuentroinformativo.com.mx\/index.php?rest_route=\/wp\/v2\/types\/post"}],"author":[{"embeddable":true,"href":"https:\/\/encuentroinformativo.com.mx\/index.php?rest_route=\/wp\/v2\/users\/1"}],"replies":[{"embeddable":true,"href":"https:\/\/encuentroinformativo.com.mx\/index.php?rest_route=%2Fwp%2Fv2%2Fcomments&post=3198"}],"version-history":[{"count":1,"href":"https:\/\/encuentroinformativo.com.mx\/index.php?rest_route=\/wp\/v2\/posts\/3198\/revisions"}],"predecessor-version":[{"id":3200,"href":"https:\/\/encuentroinformativo.com.mx\/index.php?rest_route=\/wp\/v2\/posts\/3198\/revisions\/3200"}],"wp:featuredmedia":[{"embeddable":true,"href":"https:\/\/encuentroinformativo.com.mx\/index.php?rest_route=\/wp\/v2\/media\/3199"}],"wp:attachment":[{"href":"https:\/\/encuentroinformativo.com.mx\/index.php?rest_route=%2Fwp%2Fv2%2Fmedia&parent=3198"}],"wp:term":[{"taxonomy":"category","embeddable":true,"href":"https:\/\/encuentroinformativo.com.mx\/index.php?rest_route=%2Fwp%2Fv2%2Fcategories&post=3198"},{"taxonomy":"post_tag","embeddable":true,"href":"https:\/\/encuentroinformativo.com.mx\/index.php?rest_route=%2Fwp%2Fv2%2Ftags&post=3198"}],"curies":[{"name":"wp","href":"https:\/\/api.w.org\/{rel}","templated":true}]}}