{"id":31980,"date":"2022-09-24T11:48:41","date_gmt":"2022-09-24T16:48:41","guid":{"rendered":"https:\/\/encuentroinformativo.com.mx\/?p=31980"},"modified":"2022-09-24T11:48:45","modified_gmt":"2022-09-24T16:48:45","slug":"obtiene-tito-delfin-su-libertad-lo-reaprehenden-a-la-salida","status":"publish","type":"post","link":"https:\/\/encuentroinformativo.com.mx\/?p=31980","title":{"rendered":"Obtiene Tito Delf\u00edn su libertad; lo reaprehenden a la salida"},"content":{"rendered":"\n<p><strong>Juan Arcos<\/strong><\/p>\n\n\n\n<p>Coatepec, Ver.- El panista Tito Delf\u00edn Cano estaba a punto de ser liberado del penal de Pacho Viejo, municipio de Coatepec, cuando fue notificado sobre una nueva orden de aprehensi\u00f3n en su contra.<\/p>\n\n\n\n<p>La madrugada de este s\u00e1bado, elementos de la Polic\u00eda Ministerial llegaron al estacionamiento en una camioneta y le notificaron la nueva orden de aprehensi\u00f3n, por lo que se qued\u00f3 en prisi\u00f3n hasta que se defina su situaci\u00f3n legal por este nuevo se\u00f1alamiento en su contra.<\/p>\n\n\n\n<p>La jueza M\u00f3nica Segovia concedi\u00f3 a la Fiscal\u00eda General del Estado (FGE) una nueva orden de captura por la presunta responsabilidad del panista en delitos ambientales contra de la seguridad colectiva, como parte del proceso penal 336\/2022.<\/p>\n\n\n\n<p>En un comunicado, la Fiscal\u00eda inform\u00f3 que esta situaci\u00f3n est\u00e1 plasmada en la carpeta de investigaci\u00f3n FGE\/FEDAYCA\/D.A.\/C.I.\/79\/2019, derivado de presuntos hechos cometidos cuando Tito Delf\u00edn fung\u00eda presidente municipal de Tierra Blanca.<\/p>\n\n\n\n<p>\u201cRespetando sus derechos humanos y el debido proceso ser\u00e1 presentado en audiencia inicial ante la jueza de proceso y procedimiento penal oral del XI Distrito Judicial de Xalapa que lo requiere, para que defina su situaci\u00f3n jur\u00eddica\u201d, se lee.<\/p>\n\n\n\n<p>Durante este s\u00e1bado 24 de septiembre podr\u00eda realizarse la audiencia inicial en las Salas de Juicios Orales, que se encuentran en dicho reclusorio.<\/p>\n\n\n\n<p>El exdiputado local panista hab\u00eda conseguido un amparo de la justicia federal que le permit\u00eda salir de prisi\u00f3n, pese a los presuntos delitos de abuso de autoridad, incumplimiento de un deber legal y fraude que se le imputan.<\/p>\n\n\n\n<p>Los abogados del despacho Jur\u00eddico &#8220;Ord\u00f3\u00f1ez, Ord\u00f3\u00f1ez y T\u00e9llez, Abogados Asociados, S. C.\u201d denunciaron que la Fiscal\u00eda General del Estado retras\u00f3 por cuatro horas la audiencia que mandat\u00f3 el juzgado Primero de Distrito federal al conceder un amparo donde dictaba la revisi\u00f3n de medida cautelar, aplicada desde el pasado 3 de diciembre de 2021.<\/p>\n\n\n\n<p>Dentro del expediente n\u00famero 620\/2022, el juez federal concluy\u00f3 que se deb\u00eda dar libertad inmediata a Tito Delf\u00edn Cano, al no estar vinculado a un delito que amerite prisi\u00f3n preventiva oficiosa.<\/p>\n\n\n\n<p>Sin embargo, los ministeriales no permitieron que el excandidato a la dirigencia estatal del Partido Acci\u00f3n Nacional (PAN) quedara en libertad.<\/p>\n","protected":false},"excerpt":{"rendered":"<p>Juan Arcos Coatepec, Ver.- El panista Tito Delf\u00edn Cano estaba a punto de ser liberado del penal de Pacho Viejo, municipio de Coatepec, cuando fue notificado sobre una nueva orden de aprehensi\u00f3n en su contra. La madrugada de este s\u00e1bado, elementos de la Polic\u00eda Ministerial llegaron al estacionamiento en una camioneta y le notificaron la [&hellip;]<\/p>\n","protected":false},"author":1,"featured_media":31981,"comment_status":"open","ping_status":"open","sticky":false,"template":"","format":"standard","meta":{"_jetpack_memberships_contains_paid_content":false,"footnotes":""},"categories":[2],"tags":[],"class_list":["post-31980","post","type-post","status-publish","format-standard","has-post-thumbnail","hentry","category-estado"],"jetpack_featured_media_url":"https:\/\/encuentroinformativo.com.mx\/wp-content\/uploads\/2022\/09\/743DBFE6-61A8-4C80-AF07-3897E0EECB8D.jpeg","jetpack_sharing_enabled":true,"jetpack_likes_enabled":true,"amp_enabled":true,"_links":{"self":[{"href":"https:\/\/encuentroinformativo.com.mx\/index.php?rest_route=\/wp\/v2\/posts\/31980","targetHints":{"allow":["GET"]}}],"collection":[{"href":"https:\/\/encuentroinformativo.com.mx\/index.php?rest_route=\/wp\/v2\/posts"}],"about":[{"href":"https:\/\/encuentroinformativo.com.mx\/index.php?rest_route=\/wp\/v2\/types\/post"}],"author":[{"embeddable":true,"href":"https:\/\/encuentroinformativo.com.mx\/index.php?rest_route=\/wp\/v2\/users\/1"}],"replies":[{"embeddable":true,"href":"https:\/\/encuentroinformativo.com.mx\/index.php?rest_route=%2Fwp%2Fv2%2Fcomments&post=31980"}],"version-history":[{"count":1,"href":"https:\/\/encuentroinformativo.com.mx\/index.php?rest_route=\/wp\/v2\/posts\/31980\/revisions"}],"predecessor-version":[{"id":31982,"href":"https:\/\/encuentroinformativo.com.mx\/index.php?rest_route=\/wp\/v2\/posts\/31980\/revisions\/31982"}],"wp:featuredmedia":[{"embeddable":true,"href":"https:\/\/encuentroinformativo.com.mx\/index.php?rest_route=\/wp\/v2\/media\/31981"}],"wp:attachment":[{"href":"https:\/\/encuentroinformativo.com.mx\/index.php?rest_route=%2Fwp%2Fv2%2Fmedia&parent=31980"}],"wp:term":[{"taxonomy":"category","embeddable":true,"href":"https:\/\/encuentroinformativo.com.mx\/index.php?rest_route=%2Fwp%2Fv2%2Fcategories&post=31980"},{"taxonomy":"post_tag","embeddable":true,"href":"https:\/\/encuentroinformativo.com.mx\/index.php?rest_route=%2Fwp%2Fv2%2Ftags&post=31980"}],"curies":[{"name":"wp","href":"https:\/\/api.w.org\/{rel}","templated":true}]}}