{"id":31983,"date":"2022-09-24T11:56:59","date_gmt":"2022-09-24T16:56:59","guid":{"rendered":"https:\/\/encuentroinformativo.com.mx\/?p=31983"},"modified":"2022-09-24T11:57:04","modified_gmt":"2022-09-24T16:57:04","slug":"miedo-en-xalapa","status":"publish","type":"post","link":"https:\/\/encuentroinformativo.com.mx\/?p=31983","title":{"rendered":"MIEDO EN XALAPA"},"content":{"rendered":"\n<p><strong>N\u00fameros Rojos\u00a0<\/strong><\/p>\n\n\n\n<p><strong>Brenda Caballero<\/strong><\/p>\n\n\n\n<p>Atr\u00e1s qued\u00f3 la paz de los xalape\u00f1os. La Atenas, que siempre hab\u00eda sido una ciudad tranquila, tiene rato que se ti\u00f1e de sangre, y el pasado mi\u00e9rcoles no fue la excepci\u00f3n por el asesinato de la maestra Elizabeth delante de su nieto de 7 a\u00f1os, que volvi\u00f3 a desatar la indignaci\u00f3n de la sociedad y un gran reclamo del sector magisterial.&nbsp;<\/p>\n\n\n\n<p>Sucedi\u00f3 frente a las puertas de entrada de la escuela primaria Adolfo Ruiz Cortines, apenas unos 20 minutos antes de ingresar a clases. Mi primaria, la misma que vio pasar mi ni\u00f1ez y en la cual entr\u00e1bamos y sal\u00edamos sin la preocupaci\u00f3n de que alguien pudiera pasar y disparar. \u00bfQu\u00e9 pasar\u00e1 ahora?<\/p>\n\n\n\n<p>Pero al inicio de semana ya hab\u00edamos tenido otro asesinato, \u00e9ste en la colonia Ferrocarrilera. El pasado lunes el due\u00f1o de un taller tambi\u00e9n fue ultimado en su lugar de trabajo, a balazos; supuestamente su homicida al tratar de huir, tambi\u00e9n muri\u00f3.<\/p>\n\n\n\n<p>Y por si fuera poco, el jueves tambi\u00e9n hubo disparos, en dos zonas distintas de la capital, lo cual nos hace preguntar: \u00bfEstamos seguros? \u00bfCu\u00e1ntas armas circulan por la capital del estado? \u00bfCu\u00e1ntos motosicarios recorren sus calles todos los d\u00edas?<\/p>\n\n\n\n<p>Ante el crimen de la maestra Elizabeth, Hugo Guti\u00e9rrez Maldonado, Secretario de Seguridad P\u00fablica en Veracruz, respondi\u00f3 con el C\u00f3digo Rojo, que es un mecanismo que activa el Gobernador cuando la delincuencia organizada supera a todas las fuerzas de seguridad con diferentes actos de violencia. En el mismo participan en conjunto autoridades municipales, estatales y hasta federales bajo un mismo mando.<\/p>\n\n\n\n<p>Sin embargo, en el caso del asesinato de la maestra, el llamado C\u00f3digo Rojo se enfoc\u00f3 principalmente en mototortilleros y los que trabajan en aplicaciones de comida a domicilio, \u00a1y pobre de aqu\u00e9l que trajera una moto amarilla! como la descrita por testigos del homicidio, porque se convirti\u00f3 en \u201csospechoso\u201d, como el joven que fue detenido y al final el gobierno tuvo que calificar su caso como \u201cuna falta administrativa\u201d.<\/p>\n\n\n\n<p>Hablando de motos, es un punto que deber\u00edan tratar las autoridades para brindar mayor seguridad, porque todos los d\u00edas circulan veh\u00edculos sin placas. Aunque en ocasiones hay operativos viales, el problema es que son fijos y en este caso, los motociclistas optan por no pasar por donde est\u00e1n ubicados, una vez que les dan el pitazo\u2026 los evaden.<\/p>\n\n\n\n<p>Pero \u00bfPor qu\u00e9 no emplacan las motos? El problema radica en que desde que las adquieren no acuden a hacerlo a las oficinas de Hacienda y al transcurrir el tiempo, van acumulando impuestos vehiculares, y como la tenencia no est\u00e1 eliminada sino subsidiada al pago del derecho vehicular en los meses de enero a abril de cada a\u00f1o, la deuda se hace impagable, al grado que muchas veces alcanza hasta el valor de la moto usada.<\/p>\n\n\n\n<p>Definitivamente el control vehicular es necesario para brindar mayor seguridad a la poblaci\u00f3n \u00a1pero desde que se adquieren!&nbsp; por lo que el gobierno deber\u00eda firmar acuerdos con las empresas que venden motos, para hacerlo ya con sus placas, similar a cuando se adquiere un auto; incluso hasta financiarlas desde la adquisici\u00f3n.<\/p>\n\n\n\n<p>Aunque falta mucho m\u00e1s que emplacar motos, falta una verdadera estrategia para hacer frente a la delincuencia, que si bien es un problema desde hace d\u00e9cadas que se viene arrastrando en el estado, tambi\u00e9n es cierto que va creciendo como una bola de nieve y nadie la detiene.&nbsp;<\/p>\n\n\n\n<p>Es necesario enfocarse en los focos rojos de Xalapa y del estado, dar seguimiento a las denuncias de la ciudadan\u00eda, no solo registrar el reporte&#8230; \u00a1Oigan al pueblo!<\/p>\n\n\n\n<p>\u00a1Vaya! Hasta la propuesta del dirigente estatal de Fuerza por M\u00e9xico, Tato Vega Yunes tiene sentido: que Don Hugo comparezca y rinda un informe, sin la excusa de que no puede&nbsp; por \u201cmotivos de seguridad estatal\u201d.<\/p>\n\n\n\n<p>\u00a1Oigan al pueblo! No vaya a ser que la inseguridad ya sea su tal\u00f3n de Aquiles.<\/p>\n\n\n\n<p>Twiter: @NumerosRojos_BC<\/p>\n\n\n\n<p><a href=\"mailto:caballero_brenda@hotmail.com\" target=\"_blank\" rel=\"noreferrer noopener\">caballero_brenda@hotmail.com<\/a><\/p>\n","protected":false},"excerpt":{"rendered":"<p>N\u00fameros Rojos\u00a0 Brenda Caballero Atr\u00e1s qued\u00f3 la paz de los xalape\u00f1os. La Atenas, que siempre hab\u00eda sido una ciudad tranquila, tiene rato que se ti\u00f1e de sangre, y el pasado mi\u00e9rcoles no fue la excepci\u00f3n por el asesinato de la maestra Elizabeth delante de su nieto de 7 a\u00f1os, que volvi\u00f3 a desatar la indignaci\u00f3n [&hellip;]<\/p>\n","protected":false},"author":1,"featured_media":387,"comment_status":"open","ping_status":"open","sticky":false,"template":"","format":"standard","meta":{"_jetpack_memberships_contains_paid_content":false,"footnotes":""},"categories":[11],"tags":[],"class_list":["post-31983","post","type-post","status-publish","format-standard","has-post-thumbnail","hentry","category-opinion"],"jetpack_featured_media_url":"https:\/\/encuentroinformativo.com.mx\/wp-content\/uploads\/2020\/03\/7CF8A22B-2764-47BE-8F7F-38FE9E5D6A2F.jpeg","jetpack_sharing_enabled":true,"jetpack_likes_enabled":true,"amp_enabled":true,"_links":{"self":[{"href":"https:\/\/encuentroinformativo.com.mx\/index.php?rest_route=\/wp\/v2\/posts\/31983","targetHints":{"allow":["GET"]}}],"collection":[{"href":"https:\/\/encuentroinformativo.com.mx\/index.php?rest_route=\/wp\/v2\/posts"}],"about":[{"href":"https:\/\/encuentroinformativo.com.mx\/index.php?rest_route=\/wp\/v2\/types\/post"}],"author":[{"embeddable":true,"href":"https:\/\/encuentroinformativo.com.mx\/index.php?rest_route=\/wp\/v2\/users\/1"}],"replies":[{"embeddable":true,"href":"https:\/\/encuentroinformativo.com.mx\/index.php?rest_route=%2Fwp%2Fv2%2Fcomments&post=31983"}],"version-history":[{"count":1,"href":"https:\/\/encuentroinformativo.com.mx\/index.php?rest_route=\/wp\/v2\/posts\/31983\/revisions"}],"predecessor-version":[{"id":31984,"href":"https:\/\/encuentroinformativo.com.mx\/index.php?rest_route=\/wp\/v2\/posts\/31983\/revisions\/31984"}],"wp:featuredmedia":[{"embeddable":true,"href":"https:\/\/encuentroinformativo.com.mx\/index.php?rest_route=\/wp\/v2\/media\/387"}],"wp:attachment":[{"href":"https:\/\/encuentroinformativo.com.mx\/index.php?rest_route=%2Fwp%2Fv2%2Fmedia&parent=31983"}],"wp:term":[{"taxonomy":"category","embeddable":true,"href":"https:\/\/encuentroinformativo.com.mx\/index.php?rest_route=%2Fwp%2Fv2%2Fcategories&post=31983"},{"taxonomy":"post_tag","embeddable":true,"href":"https:\/\/encuentroinformativo.com.mx\/index.php?rest_route=%2Fwp%2Fv2%2Ftags&post=31983"}],"curies":[{"name":"wp","href":"https:\/\/api.w.org\/{rel}","templated":true}]}}