{"id":31985,"date":"2022-09-24T12:05:20","date_gmt":"2022-09-24T17:05:20","guid":{"rendered":"https:\/\/encuentroinformativo.com.mx\/?p=31985"},"modified":"2022-09-24T12:05:23","modified_gmt":"2022-09-24T17:05:23","slug":"invitan-a-expo-boda-y-xv-anos-en-xalapa","status":"publish","type":"post","link":"https:\/\/encuentroinformativo.com.mx\/?p=31985","title":{"rendered":"Invitan a Expo Boda y XV a\u00f1os en Xalapa"},"content":{"rendered":"\n<p><strong>Dar\u00edo Pale<\/strong><\/p>\n\n\n\n<p>Xalapa, Ver.- Invitan a la ciudadan\u00eda para que este 24 y 25 de septiembre asistan a la Expo Boda y XV a\u00f1os by Suheil Cabrera, la cual se llevar\u00e1 acabo en el sal\u00f3n Caracol, un salon de mucha tradicion y de f\u00e1cil acceso.<\/p>\n\n\n\n<p>En entrevista Guillermo Mart\u00ednez Nadale dio a conocer que este evento tiene el prop\u00f3sito de reactivar la econom\u00eda local misma que se ha visto afectada por la pandemia.<\/p>\n\n\n\n<p>En esta ocasi\u00f3n contaran con la participaci\u00f3n de 30 proveedores de servicios para\u00a0eventos sociales, tales como banquetes, servicios de fotografia, dise\u00f1adores,\u00a0grupos musicales, y muchas empresas mas que ofertaran sus servicios, todo en un\u00a0mismo lugar, mismos que tienen preparadas prompociones y descuentos.<\/p>\n\n\n\n<p>Dicha Expo sera todo un acontecimiento, ya que contar\u00e1n con pasarela donde los dise\u00f1adores presentar\u00e1n sus trabajos asi como grupos musicales y core\u00f3grafos.<\/p>\n\n\n\n<p>Es importante mencionar que esta expo estar\u00e1 engalanada por el actor y conductor\u00a0Paco de la O, quien ha trabajado en importantes cadenas de television nacionales e\u00a0internacionales.<\/p>\n\n\n\n<p>Adem\u00e1s estar\u00e1 acompa\u00f1ado de Marygel Reyes, quien esta realizando sus estudios en el CEA de televisa, as\u00ed como una amplia trayectoria como conductora, complementados por el talento xalape\u00f1o de Daniel Sosa, quien es conductor exclusivo\u00a0de corporativo Suheil Cabrera.<\/p>\n\n\n\n<p>La dise\u00f1adora de modas, Suheil Cabrera hace extensiva la invitacion a todas esas\u00a0parejas que est\u00e1n pr\u00f3ximas a casarse y a todas las quincea\u00f1eras, para que nos visiten\u00a0y conozcan todos los servicios que ofrecen nuestros expositores.<\/p>\n\n\n\n<p>La cita es este sabado 24 y domingo 25 de septiembre en punto de las 12:00 horas en el sal\u00f3n Caracol, la entrada ser\u00e1 libre.<\/p>\n","protected":false},"excerpt":{"rendered":"<p>Dar\u00edo Pale Xalapa, Ver.- Invitan a la ciudadan\u00eda para que este 24 y 25 de septiembre asistan a la Expo Boda y XV a\u00f1os by Suheil Cabrera, la cual se llevar\u00e1 acabo en el sal\u00f3n Caracol, un salon de mucha tradicion y de f\u00e1cil acceso. En entrevista Guillermo Mart\u00ednez Nadale dio a conocer que este [&hellip;]<\/p>\n","protected":false},"author":1,"featured_media":26032,"comment_status":"open","ping_status":"open","sticky":false,"template":"","format":"standard","meta":{"_jetpack_memberships_contains_paid_content":false,"footnotes":""},"categories":[3],"tags":[],"class_list":["post-31985","post","type-post","status-publish","format-standard","has-post-thumbnail","hentry","category-xalapa"],"jetpack_featured_media_url":"https:\/\/encuentroinformativo.com.mx\/wp-content\/uploads\/2022\/04\/1D145CD3-3F7A-44CD-82A5-D8BCAF3CA023.jpeg","jetpack_sharing_enabled":true,"jetpack_likes_enabled":true,"amp_enabled":true,"_links":{"self":[{"href":"https:\/\/encuentroinformativo.com.mx\/index.php?rest_route=\/wp\/v2\/posts\/31985","targetHints":{"allow":["GET"]}}],"collection":[{"href":"https:\/\/encuentroinformativo.com.mx\/index.php?rest_route=\/wp\/v2\/posts"}],"about":[{"href":"https:\/\/encuentroinformativo.com.mx\/index.php?rest_route=\/wp\/v2\/types\/post"}],"author":[{"embeddable":true,"href":"https:\/\/encuentroinformativo.com.mx\/index.php?rest_route=\/wp\/v2\/users\/1"}],"replies":[{"embeddable":true,"href":"https:\/\/encuentroinformativo.com.mx\/index.php?rest_route=%2Fwp%2Fv2%2Fcomments&post=31985"}],"version-history":[{"count":1,"href":"https:\/\/encuentroinformativo.com.mx\/index.php?rest_route=\/wp\/v2\/posts\/31985\/revisions"}],"predecessor-version":[{"id":31986,"href":"https:\/\/encuentroinformativo.com.mx\/index.php?rest_route=\/wp\/v2\/posts\/31985\/revisions\/31986"}],"wp:featuredmedia":[{"embeddable":true,"href":"https:\/\/encuentroinformativo.com.mx\/index.php?rest_route=\/wp\/v2\/media\/26032"}],"wp:attachment":[{"href":"https:\/\/encuentroinformativo.com.mx\/index.php?rest_route=%2Fwp%2Fv2%2Fmedia&parent=31985"}],"wp:term":[{"taxonomy":"category","embeddable":true,"href":"https:\/\/encuentroinformativo.com.mx\/index.php?rest_route=%2Fwp%2Fv2%2Fcategories&post=31985"},{"taxonomy":"post_tag","embeddable":true,"href":"https:\/\/encuentroinformativo.com.mx\/index.php?rest_route=%2Fwp%2Fv2%2Ftags&post=31985"}],"curies":[{"name":"wp","href":"https:\/\/api.w.org\/{rel}","templated":true}]}}