{"id":31999,"date":"2022-09-25T15:20:46","date_gmt":"2022-09-25T20:20:46","guid":{"rendered":"https:\/\/encuentroinformativo.com.mx\/?p=31999"},"modified":"2022-09-25T15:20:50","modified_gmt":"2022-09-25T20:20:50","slug":"ciudadanos-piden-mayor-seguridad","status":"publish","type":"post","link":"https:\/\/encuentroinformativo.com.mx\/?p=31999","title":{"rendered":"Ciudadanos piden mayor seguridad"},"content":{"rendered":"\n<p><strong>Juan Arcos<\/strong><\/p>\n\n\n\n<p>Xalapa, Ver.- Integrantes de la organizaci\u00f3n \u201cChalecos M\u00e9xico\u201d protestaron frente a Palacio de Gobierno para exigir al gobierno que garantice la seguridad de todos los veracruzanos.<\/p>\n\n\n\n<p>De acuerdo con Juan Mart\u00ednez G\u00f3mez, integrante de \u201cChalecos M\u00e9xico\u201d, la manifestaci\u00f3n se realiz\u00f3 de manera simult\u00e1nea en diversos estados de la Rep\u00fablica Mexicana, donde participaron al menos 39 colectivos.<\/p>\n\n\n\n<p>&#8220;Es totalmente apartidista, lo que se est\u00e1 buscando es pedirle a las autoridades que cumplan con su labor de dar seguridad, de llevar al pa\u00eds hacia la paz\u201d, expres\u00f3 el entrevistado.<\/p>\n\n\n\n<p>A su juicio, la gente est\u00e1 consternada por el asesinado de una profesora afuera de la escuela primaria \u201cAdolfo Ruiz Cortines\u201d, en esta ciudad de Xalapa, el pasado mi\u00e9rcoles 21 de septiembre.<\/p>\n\n\n\n<p>\u201cEs un ejemplo de lo que le puede pasar a cualquiera&#8221;, refiri\u00f3 durante la manifestaci\u00f3n en la escalinata de la Catedral Metropolitana de Xalapa.<\/p>\n\n\n\n<p>Por tal motivo, indic\u00f3 que muchas personas est\u00e1n muy preocupadas por las precarias condiciones de seguridad que prevalecen en el pa\u00eds.<\/p>\n\n\n\n<p>&#8220;Estamos invitando a todos a que hagan alertas vecinales, de vigilancia vecinal, que se pongan en contacto con las autoridades y tratemos de generar un entorno ciudadano m\u00e1s seguro\u201d, agreg\u00f3 Mart\u00ednez G\u00f3mez.<\/p>\n\n\n\n<p>En la capital del estado han ocurrido tambi\u00e9n enfrentamientos armados, asaltos, robos a casa habitaci\u00f3n y otros delitos.<\/p>\n\n\n\n<p>La manifestaci\u00f3n se realiz\u00f3 en la Ciudad de M\u00e9xico, Guadalajara, Guanajuato, Nuevo Le\u00f3n y en otras ciudades del pa\u00eds.<\/p>\n\n\n\n<figure class=\"wp-block-image size-large\"><img loading=\"lazy\" decoding=\"async\" width=\"779\" height=\"584\" src=\"https:\/\/encuentroinformativo.com.mx\/wp-content\/uploads\/2022\/09\/9B9A6772-470D-40C4-8928-687253C29550.jpeg\" alt=\"\" class=\"wp-image-32001\" srcset=\"https:\/\/encuentroinformativo.com.mx\/wp-content\/uploads\/2022\/09\/9B9A6772-470D-40C4-8928-687253C29550.jpeg 779w, https:\/\/encuentroinformativo.com.mx\/wp-content\/uploads\/2022\/09\/9B9A6772-470D-40C4-8928-687253C29550-300x225.jpeg 300w, https:\/\/encuentroinformativo.com.mx\/wp-content\/uploads\/2022\/09\/9B9A6772-470D-40C4-8928-687253C29550-768x576.jpeg 768w\" sizes=\"auto, (max-width: 779px) 100vw, 779px\" \/><\/figure>\n","protected":false},"excerpt":{"rendered":"<p>Juan Arcos Xalapa, Ver.- Integrantes de la organizaci\u00f3n \u201cChalecos M\u00e9xico\u201d protestaron frente a Palacio de Gobierno para exigir al gobierno que garantice la seguridad de todos los veracruzanos. De acuerdo con Juan Mart\u00ednez G\u00f3mez, integrante de \u201cChalecos M\u00e9xico\u201d, la manifestaci\u00f3n se realiz\u00f3 de manera simult\u00e1nea en diversos estados de la Rep\u00fablica Mexicana, donde participaron al [&hellip;]<\/p>\n","protected":false},"author":1,"featured_media":32000,"comment_status":"open","ping_status":"open","sticky":false,"template":"","format":"standard","meta":{"_jetpack_memberships_contains_paid_content":false,"footnotes":""},"categories":[3],"tags":[],"class_list":["post-31999","post","type-post","status-publish","format-standard","has-post-thumbnail","hentry","category-xalapa"],"jetpack_featured_media_url":"https:\/\/encuentroinformativo.com.mx\/wp-content\/uploads\/2022\/09\/6193FCB5-9BB8-4829-835C-BAC14B797142.jpeg","jetpack_sharing_enabled":true,"jetpack_likes_enabled":true,"amp_enabled":true,"_links":{"self":[{"href":"https:\/\/encuentroinformativo.com.mx\/index.php?rest_route=\/wp\/v2\/posts\/31999","targetHints":{"allow":["GET"]}}],"collection":[{"href":"https:\/\/encuentroinformativo.com.mx\/index.php?rest_route=\/wp\/v2\/posts"}],"about":[{"href":"https:\/\/encuentroinformativo.com.mx\/index.php?rest_route=\/wp\/v2\/types\/post"}],"author":[{"embeddable":true,"href":"https:\/\/encuentroinformativo.com.mx\/index.php?rest_route=\/wp\/v2\/users\/1"}],"replies":[{"embeddable":true,"href":"https:\/\/encuentroinformativo.com.mx\/index.php?rest_route=%2Fwp%2Fv2%2Fcomments&post=31999"}],"version-history":[{"count":1,"href":"https:\/\/encuentroinformativo.com.mx\/index.php?rest_route=\/wp\/v2\/posts\/31999\/revisions"}],"predecessor-version":[{"id":32002,"href":"https:\/\/encuentroinformativo.com.mx\/index.php?rest_route=\/wp\/v2\/posts\/31999\/revisions\/32002"}],"wp:featuredmedia":[{"embeddable":true,"href":"https:\/\/encuentroinformativo.com.mx\/index.php?rest_route=\/wp\/v2\/media\/32000"}],"wp:attachment":[{"href":"https:\/\/encuentroinformativo.com.mx\/index.php?rest_route=%2Fwp%2Fv2%2Fmedia&parent=31999"}],"wp:term":[{"taxonomy":"category","embeddable":true,"href":"https:\/\/encuentroinformativo.com.mx\/index.php?rest_route=%2Fwp%2Fv2%2Fcategories&post=31999"},{"taxonomy":"post_tag","embeddable":true,"href":"https:\/\/encuentroinformativo.com.mx\/index.php?rest_route=%2Fwp%2Fv2%2Ftags&post=31999"}],"curies":[{"name":"wp","href":"https:\/\/api.w.org\/{rel}","templated":true}]}}