{"id":32003,"date":"2022-09-25T18:51:27","date_gmt":"2022-09-25T23:51:27","guid":{"rendered":"https:\/\/encuentroinformativo.com.mx\/?p=32003"},"modified":"2022-09-25T18:51:31","modified_gmt":"2022-09-25T23:51:31","slug":"en-choque-murio-conductor-15-pasajeros-resultaron-heridos","status":"publish","type":"post","link":"https:\/\/encuentroinformativo.com.mx\/?p=32003","title":{"rendered":"En choque, muri\u00f3 conductor; 15 pasajeros resultaron heridos"},"content":{"rendered":"\n<p><strong>Juan Arcos <\/strong><\/p>\n\n\n\n<p>Xalapa, Ver.- El conductor de un autob\u00fas muri\u00f3 y 15 pasajeros resultaron heridos tras impactarse contra un tr\u00e1iler sobre la carretera federal Xalapa-Veracruz, a la altura de la localidad Plan del R\u00edo, municipio de Emiliano Zapata.<\/p>\n\n\n\n<p>Los hechos ocurrieron alrededor de las dos de la madrugada de este domingo, cuando las dos unidades chocaron a la altura del kil\u00f3metro 27, con direcci\u00f3n a la capital del estado de Veracruz.<\/p>\n\n\n\n<p>Las personas lastimadas salieron del puerto de Veracruz con direcci\u00f3n a la Ciudad de M\u00e9xico, donde planeaban realizar una visita a la Bas\u00edlica de la Virgen de Guadalupe.<\/p>\n\n\n\n<p>El conductor del cami\u00f3n de pasajeros, de la l\u00ednea de autobuses \u201cAutotur\u201d, fue trasladado a la cl\u00ednica n\u00famero del Instituto Mexicano del Seguro Social (IMSS), en la ciudad de Xalapa, donde minutos despu\u00e9s falleci\u00f3.<\/p>\n\n\n\n<p>La mayor\u00eda de los pasajeros heridos fueron traslados al hospital privado San Francisco, ubicado sobre la calle 5 de Febrero, en la zona centro de Xalapa.<\/p>\n\n\n\n<p>Param\u00e9dicos de la Secretar\u00eda de Seguridad P\u00fablica (SSP) se sumaron al apoyo y ellos trasladaron al chofer del autob\u00fas a la cl\u00ednica del IMSS.<\/p>\n\n\n\n<p>En esta acciones participaron socorristas de distintas corporaciones, como Polic\u00eda Estatal, Polic\u00eda Municipal y elementos de la Guardia Nacional en su Divisi\u00f3n Caminos.<\/p>\n\n\n\n<p>Hasta el momento, se desconocen las causas que originaron este accidente vehicular sobre la carretera federal Xalapa-Veracruz, en una zona donde son constantes este tipo de sucesos.<\/p>\n\n\n\n<p>La circulaci\u00f3n fue interrumpida mientras se llevaban a cabo las maniobras para el retiro de ambas unidades siniestradas.<\/p>\n","protected":false},"excerpt":{"rendered":"<p>Juan Arcos Xalapa, Ver.- El conductor de un autob\u00fas muri\u00f3 y 15 pasajeros resultaron heridos tras impactarse contra un tr\u00e1iler sobre la carretera federal Xalapa-Veracruz, a la altura de la localidad Plan del R\u00edo, municipio de Emiliano Zapata. Los hechos ocurrieron alrededor de las dos de la madrugada de este domingo, cuando las dos unidades [&hellip;]<\/p>\n","protected":false},"author":1,"featured_media":32004,"comment_status":"open","ping_status":"open","sticky":false,"template":"","format":"standard","meta":{"_jetpack_memberships_contains_paid_content":false,"footnotes":""},"categories":[8],"tags":[],"class_list":["post-32003","post","type-post","status-publish","format-standard","has-post-thumbnail","hentry","category-region"],"jetpack_featured_media_url":"https:\/\/encuentroinformativo.com.mx\/wp-content\/uploads\/2022\/09\/12AA8CB3-A72C-4EF8-9167-339BE589409F.jpeg","jetpack_sharing_enabled":true,"jetpack_likes_enabled":true,"amp_enabled":true,"_links":{"self":[{"href":"https:\/\/encuentroinformativo.com.mx\/index.php?rest_route=\/wp\/v2\/posts\/32003","targetHints":{"allow":["GET"]}}],"collection":[{"href":"https:\/\/encuentroinformativo.com.mx\/index.php?rest_route=\/wp\/v2\/posts"}],"about":[{"href":"https:\/\/encuentroinformativo.com.mx\/index.php?rest_route=\/wp\/v2\/types\/post"}],"author":[{"embeddable":true,"href":"https:\/\/encuentroinformativo.com.mx\/index.php?rest_route=\/wp\/v2\/users\/1"}],"replies":[{"embeddable":true,"href":"https:\/\/encuentroinformativo.com.mx\/index.php?rest_route=%2Fwp%2Fv2%2Fcomments&post=32003"}],"version-history":[{"count":1,"href":"https:\/\/encuentroinformativo.com.mx\/index.php?rest_route=\/wp\/v2\/posts\/32003\/revisions"}],"predecessor-version":[{"id":32005,"href":"https:\/\/encuentroinformativo.com.mx\/index.php?rest_route=\/wp\/v2\/posts\/32003\/revisions\/32005"}],"wp:featuredmedia":[{"embeddable":true,"href":"https:\/\/encuentroinformativo.com.mx\/index.php?rest_route=\/wp\/v2\/media\/32004"}],"wp:attachment":[{"href":"https:\/\/encuentroinformativo.com.mx\/index.php?rest_route=%2Fwp%2Fv2%2Fmedia&parent=32003"}],"wp:term":[{"taxonomy":"category","embeddable":true,"href":"https:\/\/encuentroinformativo.com.mx\/index.php?rest_route=%2Fwp%2Fv2%2Fcategories&post=32003"},{"taxonomy":"post_tag","embeddable":true,"href":"https:\/\/encuentroinformativo.com.mx\/index.php?rest_route=%2Fwp%2Fv2%2Ftags&post=32003"}],"curies":[{"name":"wp","href":"https:\/\/api.w.org\/{rel}","templated":true}]}}