{"id":3201,"date":"2020-06-09T13:30:00","date_gmt":"2020-06-09T18:30:00","guid":{"rendered":"https:\/\/encuentroinformativo.com\/?p=3201"},"modified":"2020-06-09T13:30:06","modified_gmt":"2020-06-09T18:30:06","slug":"regidor-llama-a-comerciantes-presentar-denuncias-por-destrozos","status":"publish","type":"post","link":"https:\/\/encuentroinformativo.com.mx\/?p=3201","title":{"rendered":"Regidor llama a comerciantes presentar denuncias por destrozos"},"content":{"rendered":"\n<p><strong>Dar\u00edo Pale <\/strong><\/p>\n\n\n\n<p>Xalapa, Ver.- El regidor d\u00e9cimo del ayuntamiento de Xalapa Juan Gabriel Fern\u00e1ndez Garibay dio a conocer que los hechos que se registraron el d\u00eda de ayer son totalmente reprobables y fuera de la ley, &nbsp;por lo que exhort\u00f3 a los empresarios a que presenten las denuncias correspondientes.<\/p>\n\n\n\n<p>Entrevistado en conocido caf\u00e9 del centro de Xalapa se\u00f1al\u00f3 que son totalmente reprobables las acciones que se presentaron el d\u00eda de ayer, no obstante dio a conocer que \u00e9l es fiel creyente de las manifestaciones y levantar la voz y el ciudadano pueda expresar lo que siente.<\/p>\n\n\n\n<p>\u201cLo que vivimos ayer no fue una manifestaci\u00f3n fueron actos vand\u00e1licos completamente es muy lamentable sobre todo hoy con el golpe que tiene la econom\u00eda de la gente que todav\u00eda se le permite que se le rompa su patrimonio, yo creo que se debe de hacer una investigaci\u00f3n y buscar a los responsables\u201d coment\u00f3.<\/p>\n\n\n\n<p>Dio a conocer que el hecho de que la polic\u00eda estatal y municipal no hayan actuado el d\u00eda de ayer es probable que puedan caer en el delito de omisi\u00f3n, desconocer si les puede acreditar dicho delito, por lo que se tiene que hacer una investigaci\u00f3n de ver que fue lo que sucedi\u00f3.<\/p>\n\n\n\n<p>Est\u00e1 de acuerdo en no caer en provocaciones pero en desacuerdo que se les permita que pasen por encima de los derechos de los ciudadanos, ya di\u00e1logo con varios empresarios a quienes exhorta a que interpongan las denuncias correspondientes ya que esto puede sentar un precedente para los siguientes eventos, ya que si esto queda impune est\u00e1n mandando un mensaje de que pueden hacer lo que sea y no pasa nada.<\/p>\n\n\n\n<p>Recalc\u00f3 que en realidad eran pocos los manifestantes ya que calcularon que fueron entre 40 y 50, por lo que se pudieron haber tomado mayores medidas, solicit\u00f3 informaci\u00f3n al director de la polic\u00eda ciudadano para ver c\u00f3mo estaba la situaci\u00f3n y solo contesto que estaba en coordinaci\u00f3n con las fuerzas del estado y ya no supo m\u00e1s.<\/p>\n\n\n\n<p>Finalmente se\u00f1al\u00f3 que lo \u00faltimo que necesita Xalapa hoy es m\u00e1s polarizaci\u00f3n y m\u00e1s violencia por lo que las agresiones entre unos y otro es un retraso total adem\u00e1s de que est\u00e1 totalmente fuera de la ley.<\/p>\n\n\n\n<p><\/p>\n","protected":false},"excerpt":{"rendered":"<p>Dar\u00edo Pale Xalapa, Ver.- El regidor d\u00e9cimo del ayuntamiento de Xalapa Juan Gabriel Fern\u00e1ndez Garibay dio a conocer que los hechos que se registraron el d\u00eda de ayer son totalmente reprobables y fuera de la ley, &nbsp;por lo que exhort\u00f3 a los empresarios a que presenten las denuncias correspondientes. Entrevistado en conocido caf\u00e9 del centro [&hellip;]<\/p>\n","protected":false},"author":1,"featured_media":3202,"comment_status":"open","ping_status":"open","sticky":false,"template":"","format":"standard","meta":{"_jetpack_memberships_contains_paid_content":false,"footnotes":""},"categories":[3],"tags":[],"class_list":["post-3201","post","type-post","status-publish","format-standard","has-post-thumbnail","hentry","category-xalapa"],"jetpack_featured_media_url":"https:\/\/encuentroinformativo.com.mx\/wp-content\/uploads\/2020\/06\/8CC06307-D698-4F40-8DD4-B4A67CDA99AD.jpeg","jetpack_sharing_enabled":true,"jetpack_likes_enabled":true,"amp_enabled":true,"_links":{"self":[{"href":"https:\/\/encuentroinformativo.com.mx\/index.php?rest_route=\/wp\/v2\/posts\/3201","targetHints":{"allow":["GET"]}}],"collection":[{"href":"https:\/\/encuentroinformativo.com.mx\/index.php?rest_route=\/wp\/v2\/posts"}],"about":[{"href":"https:\/\/encuentroinformativo.com.mx\/index.php?rest_route=\/wp\/v2\/types\/post"}],"author":[{"embeddable":true,"href":"https:\/\/encuentroinformativo.com.mx\/index.php?rest_route=\/wp\/v2\/users\/1"}],"replies":[{"embeddable":true,"href":"https:\/\/encuentroinformativo.com.mx\/index.php?rest_route=%2Fwp%2Fv2%2Fcomments&post=3201"}],"version-history":[{"count":1,"href":"https:\/\/encuentroinformativo.com.mx\/index.php?rest_route=\/wp\/v2\/posts\/3201\/revisions"}],"predecessor-version":[{"id":3203,"href":"https:\/\/encuentroinformativo.com.mx\/index.php?rest_route=\/wp\/v2\/posts\/3201\/revisions\/3203"}],"wp:featuredmedia":[{"embeddable":true,"href":"https:\/\/encuentroinformativo.com.mx\/index.php?rest_route=\/wp\/v2\/media\/3202"}],"wp:attachment":[{"href":"https:\/\/encuentroinformativo.com.mx\/index.php?rest_route=%2Fwp%2Fv2%2Fmedia&parent=3201"}],"wp:term":[{"taxonomy":"category","embeddable":true,"href":"https:\/\/encuentroinformativo.com.mx\/index.php?rest_route=%2Fwp%2Fv2%2Fcategories&post=3201"},{"taxonomy":"post_tag","embeddable":true,"href":"https:\/\/encuentroinformativo.com.mx\/index.php?rest_route=%2Fwp%2Fv2%2Ftags&post=3201"}],"curies":[{"name":"wp","href":"https:\/\/api.w.org\/{rel}","templated":true}]}}