{"id":32031,"date":"2022-09-26T14:28:40","date_gmt":"2022-09-26T19:28:40","guid":{"rendered":"https:\/\/encuentroinformativo.com.mx\/?p=32031"},"modified":"2022-09-26T14:28:44","modified_gmt":"2022-09-26T19:28:44","slug":"atienden-areas-municipales-rina-de-jovenes-en-bulevar","status":"publish","type":"post","link":"https:\/\/encuentroinformativo.com.mx\/?p=32031","title":{"rendered":"Atienden \u00e1reas municipales ri\u00f1a de j\u00f3venes en bulevar"},"content":{"rendered":"\n<p><strong>Alejandro \u00c1vila<\/strong><\/p>\n\n\n\n<p>Boca del R\u00edo, Ver.- El Ayuntamiento de Boca del R\u00edo neg\u00f3 qu\u00e9 alg\u00fan menor de edad haya fallecido durante la ri\u00f1a que se suscit\u00f3 durante la madrugada del 25 de septiembre en el bulevar &#8220;Adolfo Ruiz Cortines&#8221;.<\/p>\n\n\n\n<p>Durante la ma\u00f1ana y tarde de este domingo 25 de septiembre, a trav\u00e9s de redes sociales se mostraron diversos videos de una ri\u00f1a suscitada en el bulevar &#8220;Adolfo Ruiz Cortines&#8221; a la altura del fraccionamiento Costa de Oro.<\/p>\n\n\n\n<p>Seg\u00fan testigos, este pleito entre dos grupos de j\u00f3venes, presuntamente menores de edad, se dio al salir del comercio llamado Alexa&#8217;s Bar.<\/p>\n\n\n\n<p>En el mencionado video, se ve como un joven qu\u00e9 est\u00e1 tirado en la calle, es pateado en el est\u00f3mago y rostro, y del cual en redes sociales se asegur\u00f3 hab\u00eda fallecido en el lugar.<\/p>\n\n\n\n<p><strong>El Ayuntamiento de Boca del R\u00edo dijo que tomaron conocimiento de los hechos la direcci\u00f3n de Comercio, Gobernaci\u00f3n y Protecci\u00f3n Civil<\/strong>, y en coordinaci\u00f3n con la Secretar\u00eda de Seguridad P\u00fablica aumentar\u00e1n los rondines en la zona.<\/p>\n\n\n\n<p>De manera extraoficial se pudo conocer que, al menos dos j\u00f3venes que estuvieron presentes en la ri\u00f1a, se encuentran hospitalizados con lesiones graves.<\/p>\n\n\n\n<figure class=\"wp-block-image size-large\"><img loading=\"lazy\" decoding=\"async\" width=\"791\" height=\"1024\" src=\"https:\/\/encuentroinformativo.com.mx\/wp-content\/uploads\/2022\/09\/A8461E93-A3AD-48EA-8E56-9BCF42E9AB81-791x1024.jpeg\" alt=\"\" class=\"wp-image-32032\" srcset=\"https:\/\/encuentroinformativo.com.mx\/wp-content\/uploads\/2022\/09\/A8461E93-A3AD-48EA-8E56-9BCF42E9AB81-791x1024.jpeg 791w, https:\/\/encuentroinformativo.com.mx\/wp-content\/uploads\/2022\/09\/A8461E93-A3AD-48EA-8E56-9BCF42E9AB81-232x300.jpeg 232w, https:\/\/encuentroinformativo.com.mx\/wp-content\/uploads\/2022\/09\/A8461E93-A3AD-48EA-8E56-9BCF42E9AB81-768x994.jpeg 768w, https:\/\/encuentroinformativo.com.mx\/wp-content\/uploads\/2022\/09\/A8461E93-A3AD-48EA-8E56-9BCF42E9AB81.jpeg 989w\" sizes=\"auto, (max-width: 791px) 100vw, 791px\" \/><\/figure>\n","protected":false},"excerpt":{"rendered":"<p>Alejandro \u00c1vila Boca del R\u00edo, Ver.- El Ayuntamiento de Boca del R\u00edo neg\u00f3 qu\u00e9 alg\u00fan menor de edad haya fallecido durante la ri\u00f1a que se suscit\u00f3 durante la madrugada del 25 de septiembre en el bulevar &#8220;Adolfo Ruiz Cortines&#8221;. Durante la ma\u00f1ana y tarde de este domingo 25 de septiembre, a trav\u00e9s de redes sociales [&hellip;]<\/p>\n","protected":false},"author":1,"featured_media":32032,"comment_status":"open","ping_status":"open","sticky":false,"template":"","format":"standard","meta":{"_jetpack_memberships_contains_paid_content":false,"footnotes":""},"categories":[2],"tags":[],"class_list":["post-32031","post","type-post","status-publish","format-standard","has-post-thumbnail","hentry","category-estado"],"jetpack_featured_media_url":"https:\/\/encuentroinformativo.com.mx\/wp-content\/uploads\/2022\/09\/A8461E93-A3AD-48EA-8E56-9BCF42E9AB81.jpeg","jetpack_sharing_enabled":true,"jetpack_likes_enabled":true,"amp_enabled":true,"_links":{"self":[{"href":"https:\/\/encuentroinformativo.com.mx\/index.php?rest_route=\/wp\/v2\/posts\/32031","targetHints":{"allow":["GET"]}}],"collection":[{"href":"https:\/\/encuentroinformativo.com.mx\/index.php?rest_route=\/wp\/v2\/posts"}],"about":[{"href":"https:\/\/encuentroinformativo.com.mx\/index.php?rest_route=\/wp\/v2\/types\/post"}],"author":[{"embeddable":true,"href":"https:\/\/encuentroinformativo.com.mx\/index.php?rest_route=\/wp\/v2\/users\/1"}],"replies":[{"embeddable":true,"href":"https:\/\/encuentroinformativo.com.mx\/index.php?rest_route=%2Fwp%2Fv2%2Fcomments&post=32031"}],"version-history":[{"count":1,"href":"https:\/\/encuentroinformativo.com.mx\/index.php?rest_route=\/wp\/v2\/posts\/32031\/revisions"}],"predecessor-version":[{"id":32033,"href":"https:\/\/encuentroinformativo.com.mx\/index.php?rest_route=\/wp\/v2\/posts\/32031\/revisions\/32033"}],"wp:featuredmedia":[{"embeddable":true,"href":"https:\/\/encuentroinformativo.com.mx\/index.php?rest_route=\/wp\/v2\/media\/32032"}],"wp:attachment":[{"href":"https:\/\/encuentroinformativo.com.mx\/index.php?rest_route=%2Fwp%2Fv2%2Fmedia&parent=32031"}],"wp:term":[{"taxonomy":"category","embeddable":true,"href":"https:\/\/encuentroinformativo.com.mx\/index.php?rest_route=%2Fwp%2Fv2%2Fcategories&post=32031"},{"taxonomy":"post_tag","embeddable":true,"href":"https:\/\/encuentroinformativo.com.mx\/index.php?rest_route=%2Fwp%2Fv2%2Ftags&post=32031"}],"curies":[{"name":"wp","href":"https:\/\/api.w.org\/{rel}","templated":true}]}}