{"id":32034,"date":"2022-09-26T14:45:55","date_gmt":"2022-09-26T19:45:55","guid":{"rendered":"https:\/\/encuentroinformativo.com.mx\/?p=32034"},"modified":"2022-09-26T14:46:00","modified_gmt":"2022-09-26T19:46:00","slug":"dejan-a-alvarado-sin-agua-por-robo-de-cableado-en-el-pozo-5","status":"publish","type":"post","link":"https:\/\/encuentroinformativo.com.mx\/?p=32034","title":{"rendered":"Dejan a Alvarado sin agua por robo de cableado en el Pozo 5"},"content":{"rendered":"\n<p><strong>Alejandro \u00c1vila<\/strong><\/p>\n\n\n\n<p>Alvarado, Ver.- Debido a un robo de cableado en el Pozo 5 ubicado en el fraccionamiento Las Hortalizas, desde la noche de este domingo la cabecera municipal de Alvarado se qued\u00f3 sin agua.<\/p>\n\n\n\n<p>&#8220;Est\u00e1n diciendo ah\u00ed los del agua que estaba trabajando y llegaron y cortaron las cuchillas o los cortacircuitos de la acometida del poste, dejaron el pozo sin luz y cortaron todo el cabler\u00edo el\u00e9ctrico, qu\u00e9 es desde el equipo de cloraci\u00f3n, el tablero de control Y el cable que va del tablero de control hacia la bomba, son cables de grueso calibre, son puro cobre, y los cortaron y se lo llevaron, y los vecinos se quejaron de que no hab\u00eda agua en la cabecera y que \u00bfqu\u00e9 hab\u00eda pasado?. Fueron o del agua a ver y efectivamente, desvalijaron todo el sistema de control del Pozo 5&#8221;, declar\u00f3 un vecino afectado.<\/p>\n\n\n\n<p>El Ayuntamiento de Alvarado emiti\u00f3 un breve comunicado la ma\u00f1ana de este lunes, d\u00f3nde asegur\u00f3 se encuentran trabajando para reactivar el Pozo 5, tras la sustracci\u00f3n del cableado el\u00e9ctrico y equipo electromec\u00e1nico.<\/p>\n\n\n\n<p>Manifestando tambi\u00e9n que debido a esta situaci\u00f3n, se encuentra suspendido el servicio de agua potable en las colonias, La Fuente, Centro y Aneas.<\/p>\n\n\n\n<p>Es de mencionar que el Pozo 5 se encuentra junto al Pozo 1, el cual se encuentra obsoleto tr\u00e1s colapsar en noviembre del 2021; debido a esta situaci\u00f3n, durante los \u00faltimos diez meses los alvarade\u00f1os han sufrido de la escasez continua de agua, por lo que el Ayuntaniento y la CAEV se encuentra dando tandeos a trav\u00e9s de pipas.<\/p>\n\n\n\n<p>&#8220;El pozo n\u00famero uno fue sustituido por otro pozo nuevo que est\u00e1 dentro de las instalaciones del Parque Deportivo &#8216;Miguel Alem\u00e1n&#8217;, y hasta ahorita ya se perfor\u00f3 y lo est\u00e1n equipando, ya le est\u00e1n haciendo el servicio el\u00e9ctrico y le est\u00e1n metiendo las casetas para el tablero de control, de cloraci\u00f3n, medici\u00f3n, y todo el equipamiento para que el pozo ya funcione y pueda dar el abastecimiento de agua a la cabecera o al casco municipal de Alvarado&#8221;, apunt\u00f3.<\/p>\n\n\n\n<p>Al menos este lunes, los alvarade\u00f1os sufrida nuevamente por la falta de agua, debido a que los trabajos son complejos y durar\u00e1n varias horas o d\u00edas.<\/p>\n","protected":false},"excerpt":{"rendered":"<p>Alejandro \u00c1vila Alvarado, Ver.- Debido a un robo de cableado en el Pozo 5 ubicado en el fraccionamiento Las Hortalizas, desde la noche de este domingo la cabecera municipal de Alvarado se qued\u00f3 sin agua. &#8220;Est\u00e1n diciendo ah\u00ed los del agua que estaba trabajando y llegaron y cortaron las cuchillas o los cortacircuitos de la [&hellip;]<\/p>\n","protected":false},"author":1,"featured_media":32035,"comment_status":"open","ping_status":"open","sticky":false,"template":"","format":"standard","meta":{"_jetpack_memberships_contains_paid_content":false,"footnotes":""},"categories":[2],"tags":[],"class_list":["post-32034","post","type-post","status-publish","format-standard","has-post-thumbnail","hentry","category-estado"],"jetpack_featured_media_url":"https:\/\/encuentroinformativo.com.mx\/wp-content\/uploads\/2022\/09\/E3FA4E87-D6DA-4891-8713-EBA4817F3F24.jpeg","jetpack_sharing_enabled":true,"jetpack_likes_enabled":true,"amp_enabled":true,"_links":{"self":[{"href":"https:\/\/encuentroinformativo.com.mx\/index.php?rest_route=\/wp\/v2\/posts\/32034","targetHints":{"allow":["GET"]}}],"collection":[{"href":"https:\/\/encuentroinformativo.com.mx\/index.php?rest_route=\/wp\/v2\/posts"}],"about":[{"href":"https:\/\/encuentroinformativo.com.mx\/index.php?rest_route=\/wp\/v2\/types\/post"}],"author":[{"embeddable":true,"href":"https:\/\/encuentroinformativo.com.mx\/index.php?rest_route=\/wp\/v2\/users\/1"}],"replies":[{"embeddable":true,"href":"https:\/\/encuentroinformativo.com.mx\/index.php?rest_route=%2Fwp%2Fv2%2Fcomments&post=32034"}],"version-history":[{"count":1,"href":"https:\/\/encuentroinformativo.com.mx\/index.php?rest_route=\/wp\/v2\/posts\/32034\/revisions"}],"predecessor-version":[{"id":32036,"href":"https:\/\/encuentroinformativo.com.mx\/index.php?rest_route=\/wp\/v2\/posts\/32034\/revisions\/32036"}],"wp:featuredmedia":[{"embeddable":true,"href":"https:\/\/encuentroinformativo.com.mx\/index.php?rest_route=\/wp\/v2\/media\/32035"}],"wp:attachment":[{"href":"https:\/\/encuentroinformativo.com.mx\/index.php?rest_route=%2Fwp%2Fv2%2Fmedia&parent=32034"}],"wp:term":[{"taxonomy":"category","embeddable":true,"href":"https:\/\/encuentroinformativo.com.mx\/index.php?rest_route=%2Fwp%2Fv2%2Fcategories&post=32034"},{"taxonomy":"post_tag","embeddable":true,"href":"https:\/\/encuentroinformativo.com.mx\/index.php?rest_route=%2Fwp%2Fv2%2Ftags&post=32034"}],"curies":[{"name":"wp","href":"https:\/\/api.w.org\/{rel}","templated":true}]}}