{"id":32037,"date":"2022-09-26T14:49:14","date_gmt":"2022-09-26T19:49:14","guid":{"rendered":"https:\/\/encuentroinformativo.com.mx\/?p=32037"},"modified":"2022-09-26T14:49:18","modified_gmt":"2022-09-26T19:49:18","slug":"por-falta-de-maestros-toman-primaria-benito-juarez-en-el-puerto","status":"publish","type":"post","link":"https:\/\/encuentroinformativo.com.mx\/?p=32037","title":{"rendered":"Por falta de maestros, toman primaria \u2018Benito Ju\u00e1rez\u2019 en el puerto"},"content":{"rendered":"\n<p><strong>Alejandro \u00c1vila<\/strong><\/p>\n\n\n\n<p>Veracruz, Ver.- Padres de familia de la escuela primaria &#8220;Benito Ju\u00e1rez&#8221; en la comunidad de Dos Lomas del municipio de Veracruz, se manifestaron la ma\u00f1ana de este lunes, debido a la falta de docentes.<\/p>\n\n\n\n<p>Adriana Torres Mundo, madre de familia, mencion\u00f3 que tan solo los alumnos del cuarto grado, tienen 10 meses sin maestra, debido a que la docente solicit\u00f3 un permiso desde diciembre del 2021.<\/p>\n\n\n\n<p>&#8220;La maestra que est\u00e1 ahorita cubriendo le estamos pagando nosotros como padres de familia, ya vino el supervisor, la delegada de la SEV, Diana Santiago Huesca no nos da respuesta alguna, nada m\u00e1s nos mand\u00f3 a decir que hoy nos manda horario, para ver ma\u00f1ana (martes) a qu\u00e9 horas nos manda una soluci\u00f3n, pero aqu\u00ed vamos a estar tomando la escuela hasta que nos den respuesta&#8221;, remat\u00f3.<\/p>\n\n\n\n<p>Los afectados se\u00f1alan que este problema es en el cuarto grado, ya que durante casi todo el 2021, estuvieron pagando a un docente, los \u00faltimos meses tuvieron un respiro, ya que la SEV les mand\u00f3 a una maestra, pero est\u00e1 pidi\u00f3 permiso sin goce de sueldo en diciembre del 2021.<\/p>\n\n\n\n<p>&#8220;Bueno, son tres grupos sin maestro, pero por la que nosotros estamos peleando es por la maestra de cuarto a\u00f1o, porque lleva 10 meses el grupo sin maestro. Los otros dos maestros pidieron su cambio y se acaban de ir el jueves, y no tuvieron clase ni viernes ni hoy lunes, seg\u00fan ma\u00f1ana ya vienen los maestros a presentarte, pero tampoco no es una seguridad (\u2026) pues del sal\u00f3n de cuartos son como 40 ni\u00f1os, pero es una plantilla grande, son casi 200 ni\u00f1os y no podemos estar sin maestros&#8221;, culmin\u00f3.<\/p>\n","protected":false},"excerpt":{"rendered":"<p>Alejandro \u00c1vila Veracruz, Ver.- Padres de familia de la escuela primaria &#8220;Benito Ju\u00e1rez&#8221; en la comunidad de Dos Lomas del municipio de Veracruz, se manifestaron la ma\u00f1ana de este lunes, debido a la falta de docentes. Adriana Torres Mundo, madre de familia, mencion\u00f3 que tan solo los alumnos del cuarto grado, tienen 10 meses sin [&hellip;]<\/p>\n","protected":false},"author":1,"featured_media":32038,"comment_status":"open","ping_status":"open","sticky":false,"template":"","format":"standard","meta":{"_jetpack_memberships_contains_paid_content":false,"footnotes":""},"categories":[2],"tags":[],"class_list":["post-32037","post","type-post","status-publish","format-standard","has-post-thumbnail","hentry","category-estado"],"jetpack_featured_media_url":"https:\/\/encuentroinformativo.com.mx\/wp-content\/uploads\/2022\/09\/913C73CF-2986-473F-A3D3-98A4F4CBCD6E.jpeg","jetpack_sharing_enabled":true,"jetpack_likes_enabled":true,"amp_enabled":true,"_links":{"self":[{"href":"https:\/\/encuentroinformativo.com.mx\/index.php?rest_route=\/wp\/v2\/posts\/32037","targetHints":{"allow":["GET"]}}],"collection":[{"href":"https:\/\/encuentroinformativo.com.mx\/index.php?rest_route=\/wp\/v2\/posts"}],"about":[{"href":"https:\/\/encuentroinformativo.com.mx\/index.php?rest_route=\/wp\/v2\/types\/post"}],"author":[{"embeddable":true,"href":"https:\/\/encuentroinformativo.com.mx\/index.php?rest_route=\/wp\/v2\/users\/1"}],"replies":[{"embeddable":true,"href":"https:\/\/encuentroinformativo.com.mx\/index.php?rest_route=%2Fwp%2Fv2%2Fcomments&post=32037"}],"version-history":[{"count":1,"href":"https:\/\/encuentroinformativo.com.mx\/index.php?rest_route=\/wp\/v2\/posts\/32037\/revisions"}],"predecessor-version":[{"id":32039,"href":"https:\/\/encuentroinformativo.com.mx\/index.php?rest_route=\/wp\/v2\/posts\/32037\/revisions\/32039"}],"wp:featuredmedia":[{"embeddable":true,"href":"https:\/\/encuentroinformativo.com.mx\/index.php?rest_route=\/wp\/v2\/media\/32038"}],"wp:attachment":[{"href":"https:\/\/encuentroinformativo.com.mx\/index.php?rest_route=%2Fwp%2Fv2%2Fmedia&parent=32037"}],"wp:term":[{"taxonomy":"category","embeddable":true,"href":"https:\/\/encuentroinformativo.com.mx\/index.php?rest_route=%2Fwp%2Fv2%2Fcategories&post=32037"},{"taxonomy":"post_tag","embeddable":true,"href":"https:\/\/encuentroinformativo.com.mx\/index.php?rest_route=%2Fwp%2Fv2%2Ftags&post=32037"}],"curies":[{"name":"wp","href":"https:\/\/api.w.org\/{rel}","templated":true}]}}