{"id":3204,"date":"2020-06-09T13:46:18","date_gmt":"2020-06-09T18:46:18","guid":{"rendered":"https:\/\/encuentroinformativo.com\/?p=3204"},"modified":"2020-06-09T13:46:20","modified_gmt":"2020-06-09T18:46:20","slug":"destrozos-durante-protestas-muestra-de-ingobernabilidad-acusan-empresarios","status":"publish","type":"post","link":"https:\/\/encuentroinformativo.com.mx\/?p=3204","title":{"rendered":"Destrozos durante protestas muestra de ingobernabilidad, acusan empresarios"},"content":{"rendered":"\n<p><strong>Dar\u00edo Pale <\/strong><\/p>\n\n\n\n<p>Xalapa, Ver.- Gerardo Libreros Cobos Administrador del Pasaje Tanos de Xalapa dio a conocer que la impunidad que demostraron las autoridades estatales y municipales es el inicio de la ingobernabilidad, ya que al no actuar lanza un mensaje de que pueden hacer lo que quieran y no pasa nada.<\/p>\n\n\n\n<p>En entrevista telef\u00f3nica dio a conocer que durante la marcha del d\u00eda de ayer un comercio de trajes sufri\u00f3 da\u00f1os en los cristales en dos aparadores, los dem\u00e1s afortunadamente cuentan con cortinas y no sufrieron da\u00f1os pero por seguridad optaron por cerrar el pasaje.<\/p>\n\n\n\n<p>Los da\u00f1os que ocasionaron al negocio de ropa fue de entre 20 o 30 mil pesos, adem\u00e1s los negocios que est\u00e1n en el interior dejaron de percibir los pocos ingresos que tienen ya que por la pandemia algunos solo van sobreviviendo.<\/p>\n\n\n\n<p>El negocio que result\u00f3 con afectaciones van a presentar denuncia en contra de quien resulte responsable, lo lamentable es que estando en flagrancia no hubo ning\u00fan elemento de la polic\u00eda pudiera intervenir ante estos disturbios ni de la polic\u00eda estatal ni de la municipal, Marina o el ej\u00e9rcito dejaron a la ciudadan\u00eda a merced de los v\u00e1ndalos.<\/p>\n\n\n\n<p>Se\u00f1al\u00f3 que lo anterior es un mensaje lamentable, en virtud de que a los xalape\u00f1os les ha costado mucho la polic\u00eda municipal, hay muchos dolores de cabeza con la conformaci\u00f3n de la misma para que en momentos en los use realmente se necesita no est\u00e9n presentes.<\/p>\n\n\n\n<p>La instrucci\u00f3n de los altos mandos fue que se retiraran del centro tanto polic\u00eda municipal como estatal, lo que dej\u00f3 a los ciudadanos en una indefensi\u00f3n ante estos actos vand\u00e1licos lo cual es reprobable y que est\u00e1n al margen de la ley y es obligaci\u00f3n de la autoridad preservar el orden, principalmente la municipal la cual se tap\u00f3 lo ojos ante algo tan evidente.<\/p>\n\n\n\n<p>Se\u00f1al\u00f3 que en otras ocasiones para capturar a una persona llegan varias patrullas cuando en la marcha participaron cerca de 50 personas y no pudieron llegar para proteger a la ciudadan\u00eda y los negocios.<\/p>\n\n\n\n<p>Lament\u00f3 las declaraciones del gobernador del estado Cuitl\u00e1huac Garc\u00eda Jim\u00e9nez ya que su trabajo es que impere el estado de derecho ya que si hay personas agrediendo a su gobierno de esa forma debe de utilizar todos lo elementos para poderlos detener y consignarlos ante las autoridades correspondientes en virtud de que est\u00e1n alterando el orden p\u00fablico, llegar hasta las ultimas consecuencias y ver qui\u00e9n est\u00e1 patrocinando estos actos vand\u00e1licos.<\/p>\n\n\n\n<p>No obstante su posicionamiento fue de que no presentar\u00e1 denuncia en contra de esas personas lo que demuestra que hay una total impunidad y lamentablemente se est\u00e1 llamando a que mucha m\u00e1s gente llegu\u00e9 haga lo mismo entren a las casas hagan disturbios y no pasa absolutamente nada.<\/p>\n\n\n\n<p>Dio a conocer que durante la marcha solicit\u00f3 el apoyo a un oficial de polic\u00eda subiendo la calle de Lucio a la cual abord\u00f3 para solicitarle el apoya ya que estaban informando que en la marcha ven\u00edan haciendo disturbios y le contesto que ten\u00edan instrucciones de abandonar la zona.<\/p>\n\n\n\n<p>Con estos hechos se demuestra la ingobernabilidad en Xalapa debido a que en los hechos vand\u00e1licos hab\u00eda se\u00f1oras, ni\u00f1os, personas de la tercera edad que estaba en peligro su integridad f\u00edsica y se refugiaron en algunos lugares, estaban muchos en crisis y nadie acudi\u00f3 a su ayuda.<\/p>\n\n\n\n<p>Finalmente dio a conocer que por la forma de gobernar los alcaldes de Morena donde se\u00f1alan que no van a reprimir, \u201cyo simplemente digo que el aplicar la ley no es reprimir si no nos estar\u00edan reprimiendo a todos aplic\u00e1ndonos la ley, pero por eso hay una ley que se tiene que observar y si los se\u00f1ores la infringen deben de ser castigados y asumir las consecuencias captur\u00e1ndolos en flagrancia, quit\u00e1ndoles las capuchas\u201d.<\/p>\n\n\n\n<p><\/p>\n","protected":false},"excerpt":{"rendered":"<p>Dar\u00edo Pale Xalapa, Ver.- Gerardo Libreros Cobos Administrador del Pasaje Tanos de Xalapa dio a conocer que la impunidad que demostraron las autoridades estatales y municipales es el inicio de la ingobernabilidad, ya que al no actuar lanza un mensaje de que pueden hacer lo que quieran y no pasa nada. En entrevista telef\u00f3nica dio [&hellip;]<\/p>\n","protected":false},"author":1,"featured_media":3205,"comment_status":"open","ping_status":"open","sticky":false,"template":"","format":"standard","meta":{"_jetpack_memberships_contains_paid_content":false,"footnotes":""},"categories":[3],"tags":[],"class_list":["post-3204","post","type-post","status-publish","format-standard","has-post-thumbnail","hentry","category-xalapa"],"jetpack_featured_media_url":"https:\/\/encuentroinformativo.com.mx\/wp-content\/uploads\/2020\/06\/A7BDEA14-CF77-4F4F-B496-6B45D57C638D.jpeg","jetpack_sharing_enabled":true,"jetpack_likes_enabled":true,"amp_enabled":true,"_links":{"self":[{"href":"https:\/\/encuentroinformativo.com.mx\/index.php?rest_route=\/wp\/v2\/posts\/3204","targetHints":{"allow":["GET"]}}],"collection":[{"href":"https:\/\/encuentroinformativo.com.mx\/index.php?rest_route=\/wp\/v2\/posts"}],"about":[{"href":"https:\/\/encuentroinformativo.com.mx\/index.php?rest_route=\/wp\/v2\/types\/post"}],"author":[{"embeddable":true,"href":"https:\/\/encuentroinformativo.com.mx\/index.php?rest_route=\/wp\/v2\/users\/1"}],"replies":[{"embeddable":true,"href":"https:\/\/encuentroinformativo.com.mx\/index.php?rest_route=%2Fwp%2Fv2%2Fcomments&post=3204"}],"version-history":[{"count":1,"href":"https:\/\/encuentroinformativo.com.mx\/index.php?rest_route=\/wp\/v2\/posts\/3204\/revisions"}],"predecessor-version":[{"id":3206,"href":"https:\/\/encuentroinformativo.com.mx\/index.php?rest_route=\/wp\/v2\/posts\/3204\/revisions\/3206"}],"wp:featuredmedia":[{"embeddable":true,"href":"https:\/\/encuentroinformativo.com.mx\/index.php?rest_route=\/wp\/v2\/media\/3205"}],"wp:attachment":[{"href":"https:\/\/encuentroinformativo.com.mx\/index.php?rest_route=%2Fwp%2Fv2%2Fmedia&parent=3204"}],"wp:term":[{"taxonomy":"category","embeddable":true,"href":"https:\/\/encuentroinformativo.com.mx\/index.php?rest_route=%2Fwp%2Fv2%2Fcategories&post=3204"},{"taxonomy":"post_tag","embeddable":true,"href":"https:\/\/encuentroinformativo.com.mx\/index.php?rest_route=%2Fwp%2Fv2%2Ftags&post=3204"}],"curies":[{"name":"wp","href":"https:\/\/api.w.org\/{rel}","templated":true}]}}