{"id":32044,"date":"2022-09-26T17:09:00","date_gmt":"2022-09-26T22:09:00","guid":{"rendered":"https:\/\/encuentroinformativo.com.mx\/?p=32044"},"modified":"2022-09-26T17:09:04","modified_gmt":"2022-09-26T22:09:04","slug":"presentaran-mas-denuncias-contra-ex-alcalde-de-medellin","status":"publish","type":"post","link":"https:\/\/encuentroinformativo.com.mx\/?p=32044","title":{"rendered":"Presentar\u00e1n m\u00e1s denuncias contra ex alcalde de Medell\u00edn"},"content":{"rendered":"\n<p><strong>Alejandro \u00c1vila<\/strong><\/p>\n\n\n\n<p>Medell\u00edn de Bravo, Ver.- El alcalde Marcos Isle\u00f1o Andrade, asegur\u00f3 que presentar\u00e1 m\u00e1s denuncias en contra del ex presidente municipal Hip\u00f3lito Deschamps Espino Barros, por presunto peculado, abuso de autoridad e incumplimiento de un deber legal.<\/p>\n\n\n\n<p>El actual presidente municipal de Medell\u00edn de Bravo, dijo que no cree que haya acuerdos en lo &#8220;oscurito&#8221; en la FGE y el ORFIS, por lo que consider\u00f3 que las denuncias ya presentadas se llevar\u00e1n hasta las \u00faltimas consecuencias.<\/p>\n\n\n\n<p>Isle\u00f1o Andrade sostuvo que tiene plena confianza en la Fiscal\u00eda General del Estado (FGE) y en el \u00d3rgano de Fiscalizaci\u00f3n Superior (ORFIS).<\/p>\n\n\n\n<p>Isle\u00f1o Andrade fue cuestionado acerca de las versiones period\u00edsticas que refieren un posible acuerdo entre su antecesor Polo Deschamps con el Gobierno del Estado y con el ORFIS, para que le \u201climpiaran\u201d las Cuentas P\u00fablicas del periodo que fungi\u00f3 como alcalde de Medell\u00edn.&nbsp;<\/p>\n\n\n\n<p>\u00bfQu\u00e9 sabe usted al respecto?- Le preguntaron.<\/p>\n\n\n\n<p>\u201cNada, yo no tengo informaci\u00f3n sobre esas versiones. Lo que s\u00ed les puedo asegurar es que las denuncias en contra de esa persona (Polo Deschamps) ir\u00e1n hasta sus \u00faltimas consecuencias, porque no vamos a permitir que haya saqueado el municipio como lo hizo y que ahora sus delitos queden impunes y ande muy campante burl\u00e1ndose de los medellinenses\u201d.<\/p>\n\n\n\n<p>Adelant\u00f3 que en los pr\u00f3ximos d\u00edas ser\u00e1n presentadas nuevas denuncias que se sumar\u00e1n a las ya existentes, las cuales refieren un da\u00f1o patrimonial del orden de los 70 millones de pesos.<\/p>\n\n\n\n<p>\u00bfConf\u00eda en que Polo Deschamps no haya pactado en lo oscurito o por debajo de la mesa con la FGE o con el ORFIS, sobre todo despu\u00e9s de que \u00e9sta \u00faltima ha sido acusada de limpiar cuentas p\u00fablicas a ex alcaldes?<\/p>\n\n\n\n<p>\u201dYo conf\u00edo en la Fiscal\u00eda y en el ORFIS, principalmente porque no se puede tapar el sol con un dedo y ser\u00eda casi imposible limpiar todo el cochinero que nos hered\u00f3 Polo Deschamps y su gente. Adem\u00e1s, debo confiar porque no soy yo solamente, son miles de ciudadanos del municipio que tambi\u00e9n exigen que se haga justicia por el saqueo cometido\u201d.<\/p>\n","protected":false},"excerpt":{"rendered":"<p>Alejandro \u00c1vila Medell\u00edn de Bravo, Ver.- El alcalde Marcos Isle\u00f1o Andrade, asegur\u00f3 que presentar\u00e1 m\u00e1s denuncias en contra del ex presidente municipal Hip\u00f3lito Deschamps Espino Barros, por presunto peculado, abuso de autoridad e incumplimiento de un deber legal. El actual presidente municipal de Medell\u00edn de Bravo, dijo que no cree que haya acuerdos en lo [&hellip;]<\/p>\n","protected":false},"author":1,"featured_media":32045,"comment_status":"open","ping_status":"open","sticky":false,"template":"","format":"standard","meta":{"_jetpack_memberships_contains_paid_content":false,"footnotes":""},"categories":[2],"tags":[],"class_list":["post-32044","post","type-post","status-publish","format-standard","has-post-thumbnail","hentry","category-estado"],"jetpack_featured_media_url":"https:\/\/encuentroinformativo.com.mx\/wp-content\/uploads\/2022\/09\/7DAD2546-914C-4234-AC95-382EB490A21A.jpeg","jetpack_sharing_enabled":true,"jetpack_likes_enabled":true,"amp_enabled":true,"_links":{"self":[{"href":"https:\/\/encuentroinformativo.com.mx\/index.php?rest_route=\/wp\/v2\/posts\/32044","targetHints":{"allow":["GET"]}}],"collection":[{"href":"https:\/\/encuentroinformativo.com.mx\/index.php?rest_route=\/wp\/v2\/posts"}],"about":[{"href":"https:\/\/encuentroinformativo.com.mx\/index.php?rest_route=\/wp\/v2\/types\/post"}],"author":[{"embeddable":true,"href":"https:\/\/encuentroinformativo.com.mx\/index.php?rest_route=\/wp\/v2\/users\/1"}],"replies":[{"embeddable":true,"href":"https:\/\/encuentroinformativo.com.mx\/index.php?rest_route=%2Fwp%2Fv2%2Fcomments&post=32044"}],"version-history":[{"count":1,"href":"https:\/\/encuentroinformativo.com.mx\/index.php?rest_route=\/wp\/v2\/posts\/32044\/revisions"}],"predecessor-version":[{"id":32046,"href":"https:\/\/encuentroinformativo.com.mx\/index.php?rest_route=\/wp\/v2\/posts\/32044\/revisions\/32046"}],"wp:featuredmedia":[{"embeddable":true,"href":"https:\/\/encuentroinformativo.com.mx\/index.php?rest_route=\/wp\/v2\/media\/32045"}],"wp:attachment":[{"href":"https:\/\/encuentroinformativo.com.mx\/index.php?rest_route=%2Fwp%2Fv2%2Fmedia&parent=32044"}],"wp:term":[{"taxonomy":"category","embeddable":true,"href":"https:\/\/encuentroinformativo.com.mx\/index.php?rest_route=%2Fwp%2Fv2%2Fcategories&post=32044"},{"taxonomy":"post_tag","embeddable":true,"href":"https:\/\/encuentroinformativo.com.mx\/index.php?rest_route=%2Fwp%2Fv2%2Ftags&post=32044"}],"curies":[{"name":"wp","href":"https:\/\/api.w.org\/{rel}","templated":true}]}}