{"id":32050,"date":"2022-09-26T19:15:19","date_gmt":"2022-09-27T00:15:19","guid":{"rendered":"https:\/\/encuentroinformativo.com.mx\/?p=32050"},"modified":"2022-09-26T19:15:23","modified_gmt":"2022-09-27T00:15:23","slug":"en-busca-de-reflectores-pide-ex-diputado-grupo-plural-para-atender-seguridad","status":"publish","type":"post","link":"https:\/\/encuentroinformativo.com.mx\/?p=32050","title":{"rendered":"\u00bfEn busca de reflectores?, pide ex diputado grupo plural para atender seguridad"},"content":{"rendered":"\n<p><strong>Dar\u00edo Pale <\/strong><\/p>\n\n\n\n<p>Xalapa, Ver.- Por medio de un mensaje de las redes sociales el exdiputado federal H\u00e9ctor Yunes Landa solicit\u00f3 al Gobernador que convoque a grupo plural para atender &#8220;emergencia&#8221;, en lo que corresponde a seguridad y que se deje ayudar.<\/p>\n\n\n\n<p>En dicho mensaje el exdiputado federal se\u00f1ala que present\u00f3 en la oficina del gobernador Cuitl\u00e1huac Garc\u00eda Jim\u00e9nez, un escrito en el que reitera su petici\u00f3n para que convoque a las fuerzas pol\u00edticas, expresiones sociales, entre otros, para integrar un grupo plural que atienda la &#8220;emergencia&#8221; que vive el Estado en materia de seguridad.<\/p>\n\n\n\n<p>El tambi\u00e9n exsecretario de Gobierno y aspirante a la gubernatura de Veracruz refiri\u00f3 que en los \u00faltimos siete d\u00edas se han presentado hechos de violencia &#8220;generalizada&#8221; en donde han sido asesinadas a balazos diversas personas.<\/p>\n\n\n\n<p>A trav\u00e9s de sus redes sociales mencion\u00f3 el caso de la maestra Elizabeth Meza Rivera, asesinada el pasado mi\u00e9rcoles y en donde su nieto, en esos hechos result\u00f3 tambi\u00e9n herido.<\/p>\n\n\n\n<p>Asimismo, el atroz crimen contra una menor de apenas tres a\u00f1os de edad en la comunidad Arroyo La Palma, municipio de Hidalgotitl\u00e1n.<\/p>\n\n\n\n<p>El pri\u00edsta mencion\u00f3 que el fin de semana pasado fue privado nuevamente de su libertad el panista Tito Delf\u00edn Cano, quien 10 minutos antes hab\u00eda sido liberado por resoluci\u00f3n del Poder Judicial de la Federaci\u00f3n, pero ahora por la supuesta comisi\u00f3n de delitos ambientales.<\/p>\n\n\n\n<p>&#8220;Por todo lo anterior decid\u00ed acudir personalmente a presentar, a la oficina del gobernador de Veracruz en el que le reitero: mi petici\u00f3n, la que p\u00fablicamente le hice el pasado 6 de septiembre&#8221;, coment\u00f3.<\/p>\n\n\n\n<p>&#8220;Que convoque a las diversas expresiones sociales, fuerzas pol\u00edticas y actores econ\u00f3micos de nuestro estado para integrar un grupo plural por \u00e9l presidido, para atender la emergencia que, pr\u00e1cticamente, en todos los rubros, vive Veracruz y vivimos todos los veracruzanos&#8221;, agreg\u00f3.<\/p>\n\n\n\n<p>El exlegislador coment\u00f3 que dicho oficio lo entreg\u00f3 en el ejercicio de su derecho de petici\u00f3n y espera que en los siguientes 45 d\u00edas h\u00e1biles el Ejecutivo le d\u00e9 una respuesta.<\/p>\n\n\n\n<p>Aclar\u00f3 que lo hace en calidad de ciudadana y con el exclusivo prop\u00f3sito de coadyuvar con el gobierno del Estado en su obligaci\u00f3n de contener la tragedia que todos los veracruzanos viven d\u00eda a d\u00eda.<\/p>\n\n\n\n<p>&#8220;De manera respetuosa le pido al Gobernador: d\u00e9jese ayudar&#8221;, concluye el mensaje.<\/p>\n","protected":false},"excerpt":{"rendered":"<p>Dar\u00edo Pale Xalapa, Ver.- Por medio de un mensaje de las redes sociales el exdiputado federal H\u00e9ctor Yunes Landa solicit\u00f3 al Gobernador que convoque a grupo plural para atender &#8220;emergencia&#8221;, en lo que corresponde a seguridad y que se deje ayudar. En dicho mensaje el exdiputado federal se\u00f1ala que present\u00f3 en la oficina del gobernador [&hellip;]<\/p>\n","protected":false},"author":1,"featured_media":32051,"comment_status":"open","ping_status":"open","sticky":false,"template":"","format":"standard","meta":{"_jetpack_memberships_contains_paid_content":false,"footnotes":""},"categories":[2],"tags":[],"class_list":["post-32050","post","type-post","status-publish","format-standard","has-post-thumbnail","hentry","category-estado"],"jetpack_featured_media_url":"https:\/\/encuentroinformativo.com.mx\/wp-content\/uploads\/2022\/09\/6DB82065-1E69-4738-9A1D-97FBA559216E.jpeg","jetpack_sharing_enabled":true,"jetpack_likes_enabled":true,"amp_enabled":true,"_links":{"self":[{"href":"https:\/\/encuentroinformativo.com.mx\/index.php?rest_route=\/wp\/v2\/posts\/32050","targetHints":{"allow":["GET"]}}],"collection":[{"href":"https:\/\/encuentroinformativo.com.mx\/index.php?rest_route=\/wp\/v2\/posts"}],"about":[{"href":"https:\/\/encuentroinformativo.com.mx\/index.php?rest_route=\/wp\/v2\/types\/post"}],"author":[{"embeddable":true,"href":"https:\/\/encuentroinformativo.com.mx\/index.php?rest_route=\/wp\/v2\/users\/1"}],"replies":[{"embeddable":true,"href":"https:\/\/encuentroinformativo.com.mx\/index.php?rest_route=%2Fwp%2Fv2%2Fcomments&post=32050"}],"version-history":[{"count":1,"href":"https:\/\/encuentroinformativo.com.mx\/index.php?rest_route=\/wp\/v2\/posts\/32050\/revisions"}],"predecessor-version":[{"id":32052,"href":"https:\/\/encuentroinformativo.com.mx\/index.php?rest_route=\/wp\/v2\/posts\/32050\/revisions\/32052"}],"wp:featuredmedia":[{"embeddable":true,"href":"https:\/\/encuentroinformativo.com.mx\/index.php?rest_route=\/wp\/v2\/media\/32051"}],"wp:attachment":[{"href":"https:\/\/encuentroinformativo.com.mx\/index.php?rest_route=%2Fwp%2Fv2%2Fmedia&parent=32050"}],"wp:term":[{"taxonomy":"category","embeddable":true,"href":"https:\/\/encuentroinformativo.com.mx\/index.php?rest_route=%2Fwp%2Fv2%2Fcategories&post=32050"},{"taxonomy":"post_tag","embeddable":true,"href":"https:\/\/encuentroinformativo.com.mx\/index.php?rest_route=%2Fwp%2Fv2%2Ftags&post=32050"}],"curies":[{"name":"wp","href":"https:\/\/api.w.org\/{rel}","templated":true}]}}