{"id":32053,"date":"2022-09-26T19:22:29","date_gmt":"2022-09-27T00:22:29","guid":{"rendered":"https:\/\/encuentroinformativo.com.mx\/?p=32053"},"modified":"2022-09-26T19:22:33","modified_gmt":"2022-09-27T00:22:33","slug":"demandan-dejar-simulacion-en-caso-ayotzinapa","status":"publish","type":"post","link":"https:\/\/encuentroinformativo.com.mx\/?p=32053","title":{"rendered":"Demandan dejar simulaci\u00f3n en caso Ayotzinapa"},"content":{"rendered":"\n<p><strong>Juan Arcos <\/strong><\/p>\n\n\n\n<p>Xalapa, Ver.- Integrantes de diversos colectivos protestaron afuera del Palacio de Gobierno a ocho a\u00f1os de la desaparici\u00f3n forzada de los 43 normalistas de Ayotzinapa.<\/p>\n\n\n\n<p>Las personas colocaron carteles sobre la fachada del recinto p\u00fablico, con la leyenda: \u201c\u00a1vivos se los llevaron, vivos los queremos!\u201d y \u201cocho a\u00f1os que se han sentido como una eternidad\u201d.<\/p>\n\n\n\n<p>\u201cHoy, 26 de Septiembre de 2022, se cumplen ocho a\u00f1os desde que el Estado en sus m\u00faltiples niveles administrativos realizara un ataque coordinado a los estudiantes de la Normal Rural Ra\u00falIsidro Burgos de Ayotzinapa, Guerrero, y distintos habitantes de la ciudad de Iguala, que tuvo como resultado la desaparici\u00f3n forzada de 43 j\u00f3venes estudiantes de la normal y seis personasfueron ejecutadas, entre ellas tres normalistas\u201d, increparon en el centro hist\u00f3rico de la ciudad de Xalapa.<\/p>\n\n\n\n<p>Los activistas usaron pintura blanca para plasmar el mensaje \u201cfue el Ej\u00e9rcito\u201d sobre la acera, frente a Plaza Sebasti\u00e1n Lerdo de Tejada.<\/p>\n\n\n\n<p>\u201cSe cumplen ocho a\u00f1os de mentiras descaradas, omisiones, medias verdades, por encima de todo, se cumplen ocho a\u00f1os de impunidad, pactos secretos y autoritarismo que impiden castigo a losculpables de estos cr\u00edmenes contra el pueblo de M\u00e9xico\u201d, enfatizaron con micr\u00f3fono en mano y una bocina que colocaron en bajos de Palacio de Gobierno por la lluvia.<\/p>\n\n\n\n<p>Indicaron que el sexenio de Enrique Pe\u00f1a Nieto termin\u00f3 sin esclarecer nada, con \u00f1 chivos expiatorios, pruebas plantadas y supuestas confesiones extra\u00eddas con tortura.<\/p>\n\n\n\n<p>\u201cAl igual que su presidencia impuesta se intent\u00f3 imponer una llamada \u2018verdad hist\u00f3rica\u2019 que carec\u00eda de cualquier rigor cient\u00edfico pero que convenientemente eliminaba el papel del ej\u00e9rcito tanto en el espionaje e infiltraci\u00f3n de los normalistas rurales como tambi\u00e9n en la desaparici\u00f3n forzada en los cuarteles militares que viene desde los tiempos de la Guerra Sucia\u201d, enfatizaron.<\/p>\n\n\n\n<p>En ese sentido, exigieron \u201cno m\u00e1s simulaci\u00f3n\u201d, \u201cno m\u00e1s impunidad\u201d, \u201cno m\u00e1s acuerdos entre elites\u201d, \u201calto a la militarizaci\u00f3n del pa\u00eds\u201d, \u201calto a las agresiones contra periodistas\u201d y \u201calto a las agresiones a los movimientos sociales mexicanos\u201d.<\/p>\n\n\n\n<p>En la protesta participaron tambi\u00e9n acad\u00e9micos y alumnos de la Unidad Acad\u00e9mica de Humanidades de la Universidad Veracruzana (UV).<\/p>\n\n\n\n<figure class=\"wp-block-image size-large\"><img loading=\"lazy\" decoding=\"async\" width=\"1024\" height=\"768\" src=\"https:\/\/encuentroinformativo.com.mx\/wp-content\/uploads\/2022\/09\/0261842D-0CC7-4AEC-82F5-9DCF5FB688C5-1024x768.jpeg\" alt=\"\" class=\"wp-image-32055\" srcset=\"https:\/\/encuentroinformativo.com.mx\/wp-content\/uploads\/2022\/09\/0261842D-0CC7-4AEC-82F5-9DCF5FB688C5-1024x768.jpeg 1024w, https:\/\/encuentroinformativo.com.mx\/wp-content\/uploads\/2022\/09\/0261842D-0CC7-4AEC-82F5-9DCF5FB688C5-300x225.jpeg 300w, https:\/\/encuentroinformativo.com.mx\/wp-content\/uploads\/2022\/09\/0261842D-0CC7-4AEC-82F5-9DCF5FB688C5-768x576.jpeg 768w, https:\/\/encuentroinformativo.com.mx\/wp-content\/uploads\/2022\/09\/0261842D-0CC7-4AEC-82F5-9DCF5FB688C5-1536x1152.jpeg 1536w, https:\/\/encuentroinformativo.com.mx\/wp-content\/uploads\/2022\/09\/0261842D-0CC7-4AEC-82F5-9DCF5FB688C5.jpeg 2016w\" sizes=\"auto, (max-width: 1024px) 100vw, 1024px\" \/><\/figure>\n","protected":false},"excerpt":{"rendered":"<p>Juan Arcos Xalapa, Ver.- Integrantes de diversos colectivos protestaron afuera del Palacio de Gobierno a ocho a\u00f1os de la desaparici\u00f3n forzada de los 43 normalistas de Ayotzinapa. Las personas colocaron carteles sobre la fachada del recinto p\u00fablico, con la leyenda: \u201c\u00a1vivos se los llevaron, vivos los queremos!\u201d y \u201cocho a\u00f1os que se han sentido como [&hellip;]<\/p>\n","protected":false},"author":1,"featured_media":32054,"comment_status":"open","ping_status":"open","sticky":false,"template":"","format":"standard","meta":{"_jetpack_memberships_contains_paid_content":false,"footnotes":""},"categories":[3],"tags":[],"class_list":["post-32053","post","type-post","status-publish","format-standard","has-post-thumbnail","hentry","category-xalapa"],"jetpack_featured_media_url":"https:\/\/encuentroinformativo.com.mx\/wp-content\/uploads\/2022\/09\/79AFC811-07CD-4630-A5C6-44908F9CCF48.jpeg","jetpack_sharing_enabled":true,"jetpack_likes_enabled":true,"amp_enabled":true,"_links":{"self":[{"href":"https:\/\/encuentroinformativo.com.mx\/index.php?rest_route=\/wp\/v2\/posts\/32053","targetHints":{"allow":["GET"]}}],"collection":[{"href":"https:\/\/encuentroinformativo.com.mx\/index.php?rest_route=\/wp\/v2\/posts"}],"about":[{"href":"https:\/\/encuentroinformativo.com.mx\/index.php?rest_route=\/wp\/v2\/types\/post"}],"author":[{"embeddable":true,"href":"https:\/\/encuentroinformativo.com.mx\/index.php?rest_route=\/wp\/v2\/users\/1"}],"replies":[{"embeddable":true,"href":"https:\/\/encuentroinformativo.com.mx\/index.php?rest_route=%2Fwp%2Fv2%2Fcomments&post=32053"}],"version-history":[{"count":1,"href":"https:\/\/encuentroinformativo.com.mx\/index.php?rest_route=\/wp\/v2\/posts\/32053\/revisions"}],"predecessor-version":[{"id":32056,"href":"https:\/\/encuentroinformativo.com.mx\/index.php?rest_route=\/wp\/v2\/posts\/32053\/revisions\/32056"}],"wp:featuredmedia":[{"embeddable":true,"href":"https:\/\/encuentroinformativo.com.mx\/index.php?rest_route=\/wp\/v2\/media\/32054"}],"wp:attachment":[{"href":"https:\/\/encuentroinformativo.com.mx\/index.php?rest_route=%2Fwp%2Fv2%2Fmedia&parent=32053"}],"wp:term":[{"taxonomy":"category","embeddable":true,"href":"https:\/\/encuentroinformativo.com.mx\/index.php?rest_route=%2Fwp%2Fv2%2Fcategories&post=32053"},{"taxonomy":"post_tag","embeddable":true,"href":"https:\/\/encuentroinformativo.com.mx\/index.php?rest_route=%2Fwp%2Fv2%2Ftags&post=32053"}],"curies":[{"name":"wp","href":"https:\/\/api.w.org\/{rel}","templated":true}]}}