{"id":32062,"date":"2022-09-27T10:26:07","date_gmt":"2022-09-27T15:26:07","guid":{"rendered":"https:\/\/encuentroinformativo.com.mx\/?p=32062"},"modified":"2022-09-27T10:26:10","modified_gmt":"2022-09-27T15:26:10","slug":"al-carajo-los-antorchos-de-ruquiles-cordova-en-coatepec","status":"publish","type":"post","link":"https:\/\/encuentroinformativo.com.mx\/?p=32062","title":{"rendered":"\u00a1AL CARAJO LOS \u201cANTORCHOS\u201d DE \u201cRUQUILES\u201d C\u00d3RDOVA EN COATEPEC!"},"content":{"rendered":"\n<p><strong>ColumnasinNombre<br>@pablojair<\/strong><\/p>\n\n\n\n<ul class=\"wp-block-list\"><li>\u00bfY qu\u00e9 pasar\u00e1 con los polic\u00edas federales?<\/li><li>Zenyazen, invitado especial de la Secci\u00f3n 32 del SNTE.<\/li><li>H\u00e9ctor Yunes deber\u00eda pedir perd\u00f3n: Morena.<\/li><li>Dos eventos imperdibles en Xalapa.<\/li><\/ul>\n\n\n\n<p>Hay pol\u00edticos a los que deber\u00edan decirle sus amigos: \u201cYa si\u00e9ntate\u201d\u2026<br>&#8211;Chopenjawer<\/p>\n\n\n\n<p>La verdad es que ya el parque de Coatepec no aguanta m\u00e1s de tanto vendedor ambulante.<\/p>\n\n\n\n<p>De hecho, el centro hist\u00f3rico \u2014uno de los m\u00e1s bellos del estado de Veracruz\u2014 de unos meses para ac\u00e1 se inund\u00f3 de vendedores de todo: de fruta, de cubrebocas, de plantitas, lo que sea\u2026<\/p>\n\n\n\n<p>O sea, s\u00ed: todos tienen derecho a ganarse el pan y a vivir de un modo decente, pero el fondo no es eso, sino la manera en que llegan los vendedores, se instalan y se convierten en un c\u00e1ncer que invade.<\/p>\n\n\n\n<p>Y as\u00ed son los de Antorcha Campesina: un c\u00e1ncer; aparecen de la nada s\u00f3lo para joder.<\/p>\n\n\n\n<p>Todav\u00eda exigen aprovech\u00e1ndose de la nobleza de pueblos como Coatepec, que han sido bastante tolerantes para darles cabida en el municipio o les han faltado \u201ceggs\u201d a los alcaldes para correrlos.<\/p>\n\n\n\n<p>Hasta un edificio hist\u00f3rico como es la escuela cantonal \u201cBenito Ju\u00e1rez\u201d (a un costado del Palacio Municipal) lo tienen pr\u00e1cticamente de mercado.<\/p>\n\n\n\n<p>Miren, los de Antorcha Campesina podr\u00e1n decir que tambi\u00e9n tienen derechos, pero el problema es que sus \u201cderechos\u201d inician \u2014y por consiguiente, se invalidan\u2014 cuando llegan a un terreno que no es de su propiedad, lo invaden para exigir servicios p\u00fablicos que no quieren pagar (agua, luz, drenaje, recolecci\u00f3n de basura) y todav\u00eda amedrentan a las autoridades municipales con hacerles un desmadre en la ciudad sino les entregan becas, despensas, plazas laborales, cargos p\u00fablicos, entrega de equipos deportivos, apoyos econ\u00f3micos de diversa \u00edndole y lo que se les ocurra.<\/p>\n\n\n\n<p>Una mera extorsi\u00f3n por donde se le vea\u2026 Y as\u00ed operaron por a\u00f1os con partidos pol\u00edticos.<\/p>\n\n\n\n<p>\u00bfY por qu\u00e9 no mejor van y le piden todo eso a su dirigente nacional \u201cRuquiles\u201d C\u00f3rdova Mor\u00e1n all\u00e1 en Puebla? \u00bfPor qu\u00e9 si aqu\u00ed se les ha tratado bien y les da para comer, abusan del pueblo m\u00e1gico? \u00bfPor qu\u00e9 no se van a trabajar a sus gasolineras poblanas? \u00bfA sus parcelas si supuestamente son campesinos?<\/p>\n\n\n\n<p>Este lunes finalmente se les meti\u00f3 en orden y actu\u00f3 la fuerza p\u00fablica: desalojaron a vendedores que no ten\u00edan permiso para vender en el centro, pero que ya ten\u00edan el parque hecho todo un tianguis.<\/p>\n\n\n\n<p>Eso s\u00ed: pegaron el grito en el cielo como si la autoridad hubiese realizado algo ilegal con el desalojo; hicieron todo un show en redes sociales haci\u00e9ndose pasar por los \u201cpobrecitos comerciantes\u201d que casi-casi est\u00e1n muri\u00e9ndose de hambre y fueron \u201cavasallados\u201d por la Polic\u00eda Municipal.<\/p>\n\n\n\n<p>Es sabido que por a\u00f1os se les han ofrecido espacios formales, pero los \u201cantorchos\u201d insisten en seguir invadiendo el centro de Coatepec.<\/p>\n\n\n\n<p>Y no, el fondo no es el hambre o el desempleo: es simplemente poner la bandera antorchista en Coatepec con sus huestes y expandirse como el c\u00e1ncer que son.<\/p>\n\n\n\n<p>No se trata de justicia social, porque s\u00f3lo es un grupo pol\u00edtico ya muy rancio que se aprovecha de la ignorancia y la necesidad; el mismo grupo que desde la entrada de la Cuarta Transformeshion fue mandado al carajo cerr\u00e1ndole las llaves del presupuesto.<\/p>\n\n\n\n<p>Por algo los batea el presidente Andr\u00e9s Manuel L\u00f3pez Obrador y bien deber\u00edan seguir su ejemplo a nivel local.<\/p>\n\n\n\n<p>La verdad es que desde este espacio se ha criticado la labor del alcalde coatepecano Raymundo Andrade, precisamente en dos temas: el ambulantaje y el servicio de recolecci\u00f3n de basura. Ambos, problemas graves en Coatepec (s\u00famese ahora la obra de la c\u00e9ntrica calle Melchor Ocampo que no termina y es un chiquero).<\/p>\n\n\n\n<p>Pero este lunes parece que ya dieron un primer paso en el Ayuntamiento y falta ver si no salen con que ya negociaron.<\/p>\n\n\n\n<p>A ver si no se dejan seducir con la otra baraja desgastada de los \u201cantorchos\u201d: que ellos aportan votos y movilizaci\u00f3n en los d\u00edas de elecciones en sus taxis.<\/p>\n\n\n\n<p>La neta, se tardaron un poco en darse cuenta del problema que est\u00e1 creciendo en Coatepec. No se puede ser tolerante con grupos que se disfrazan de luchadores sociales y en el fondo tienen intereses pol\u00edticos oscuros.<\/p>\n\n\n\n<p>Bien por el desalojo; ahora falta que acciones como estas se sostengan de manera permanente.<\/p>\n\n\n\n<p><strong>NOTA PARA PEGAR EN EL REFRI: <\/strong>Algo que poco son\u00f3 en medios, pero que retumb\u00f3 especialmente en la comunidad policiaca, fue la disposici\u00f3n de prescindir de los servicios de los polic\u00edas federales que se incorporaron a la Guardia Nacional\u2026 Y es que hay dudas sobre qu\u00e9 pasar\u00e1 con los miles de elementos que todav\u00eda est\u00e1n en activo o trabajan en el sector privado en caso de aprobarse el paso de la Guardia Nacional a la Secretar\u00eda de la Defensa Nacional\u2026 Y es que el dictamen de las Comisiones Unidas de Justicia y de Estudios Legislativos, a la letra dice: &#8220;Dispondr\u00e1 que el personal procedente de la extinta Polic\u00eda Federal cese de prestar sus servicios en la Guardia Nacional, por lo que seguir\u00e1 bajo su adscripci\u00f3n, conservando sus derechos laborales adquiridos. El personal que pertenezca a los organismos especializados de la Guardia Nacional continuara prestando sus servicios en dicha instituci\u00f3n de seguridad p\u00fablica de manera temporal, conforme a los convenios de colaboraci\u00f3n que para tal efecto se formalicen entre las Secretar\u00edas de Defensa Nacional y del ramo de seguridad p\u00fablica&#8221;\u2026 \u00bfDe plano van a dejar sueltos a todos esos elementos entrenados? \u00bfPor qu\u00e9 no aprovechar la experiencia para otras \u00e1reas, especialmente en el ramo de la polic\u00eda federal civil que tanto parece quieren desaparecer?<\/p>\n\n\n\n<p><strong>OTRA NOTA: <\/strong>\u00bfSer\u00e1 que ya hay cari\u00f1o entre la Secci\u00f3n 32 del Sindicato Nacional de Trabajadores de la Educaci\u00f3n (SNTE) con la Cuarta Transformeishion?\u2026 Y es que no hace mucho andaban &#8220;coqueteando&#8221; con el ahora ausente ex presidente de la C\u00e1mara de Diputados, Sergio Guti\u00e9rrez Luna (aparte de la cercan\u00eda que tienen con otro ausente en Veracruz llamado Dante Delgado), pero este fin de semana hasta tuvieron como invitado especial al secretario de Educaci\u00f3n de Veracruz, Zenyazen Escobar Garc\u00eda, a los eventos oficiales por la conmemoraci\u00f3n del 26 aniversario de la reagrupaci\u00f3n del &#8220;Equipo Pol\u00edtico&#8221; (el brazo \u201cgrillo\u201d de la 32) y quinto aniversario luctuoso del profesor Juan Nicol\u00e1s Callejas Arroyo, el gran gu\u00eda moral de dicha secci\u00f3n\u2026 Por su parte, el secretario Zenyazen manifest\u00f3 que en estos momentos el magisterio vive un proceso de transformaci\u00f3n y unidad, donde los ideales no se limitan a la permanencia de una misma base sindical, pues enfatiz\u00f3 en que las diferencias ideol\u00f3gicas no ser\u00e1n nunca una limitante para el magisterio: &#8220;lo importante es seguir trabajando siempre en unidad&#8221;\u2026 Incluso dio apapacho al reconocer el impulso de la participaci\u00f3n del maestro en la vida pol\u00edtica, pues ha permitido que la voz de las y los maestros sea escuchada: &#8220;solo el maestro, sabe las dolencias de otro maestro\u201d.<\/p>\n\n\n\n<p><strong>OTRA NOTA EXTRA: <\/strong>Lo mandan en comunicado: \u201cLo que el priista H\u00e9ctor Yunes deber\u00eda hacer es pedirle perd\u00f3n a las y los veracruzanos despu\u00e9s del desastre que la pandilla de priistas que precedi\u00f3 al actual Gobierno, ocasionaron a nuestro estado\u201d, declar\u00f3 Elizabeth Cervantes, secretaria general del Comit\u00e9 Ejecutivo Estatal de Morena en Veracruz\u2026 Esto, luego de que H\u00e9ctor Yunes Landa diera a conocer que hizo entrega de un documento en Palacio de Gobierno en Xalapa, quesque para integrar un \u201cgrupo plural\u201d\u2026 \u201cSi todav\u00eda hay pendientes en Veracruz es por los nulos resultados que los gobiernos del PRI y del PAN dieron, por el contrario, sus actos de corrupci\u00f3n y abuso del poder causaron una crisis sin precedentes, no solo en materia econ\u00f3mica, sino tambi\u00e9n en materia de seguridad y derechos humanos, y sus consecuencias, lamentablemente, a\u00fan las seguimos sufriendo el pueblo veracruzano\u2026 Que no se le olvide al ex Senador y ex Diputado, que es gracias a sus compa\u00f1eros de partido y familiares que la crisis en Veracruz se enra\u00edzo, ellos la ocasionaron y se encargaron de endurecerla y debe decirse, en su momento, \u00e9l mismo fue participe desde su curul, ah\u00ed si no dec\u00eda nada, las y los veracruzanos tenemos memoria y no olvidamos que es gracias a estos malos gobiernos priistas y panistas que existen muchas problem\u00e1ticas en nuestra entidad\u201d, asegur\u00f3.<\/p>\n\n\n\n<p><strong>LA \u00daLTIMA PORQUE TODAV\u00cdA FALTA MUCHO MAPA EN EL ODYSSEY:<\/strong> Dos eventos imperdibles en Xalapa que deben atenderse en los pr\u00f3ximos d\u00edas\u2026 El primero inicia este 28 de septiembre y se trata del Festival Internacional de Fotograf\u00eda de la asociaci\u00f3n civil \u201cDistancia Focal\u201d y que tendr\u00e1 diversas sedes para talleres y exposiciones como la Casa del Lago de la UV, la Biblioteca \u201cCarlos Fuentes\u201d, el Museo de la M\u00fasica Veracruzana \u201cCasa Do\u00f1a Falla\u201d, entre otros lugares emblem\u00e1ticos de la capital veracruzana. Para m\u00e1s informaci\u00f3n, visiten sus redes sociales o en la web https:\/\/www.distancia-focal.org\/\u2026 El otro es para este viernes 30 con la presentaci\u00f3n oficial del podcast \u201cMujer On\u201d de la reconocida comunicadora y creadora de contenidos digitales Ang\u00e9lica Cristiani, quien a manera de homenaje a su \u201cmanina\u201d Janette Motta Estrada \u2014muy querida en Xalapa\u2014 produjo varias entrevistas con \u201cmujerones\u201d que vemos todos los d\u00edas y poco sabemos a veces de ellas. El evento ser\u00e1 de acceso libre en el Centro Recreativo Xalape\u00f1o, a las 4 de la tarde\u2026 Mucho \u00e9xito, mucha buena vibra para ambos eventos que, repito, son imperdibles y seguramente inolvidables.<\/p>\n","protected":false},"excerpt":{"rendered":"<p>ColumnasinNombre@pablojair \u00bfY qu\u00e9 pasar\u00e1 con los polic\u00edas federales? Zenyazen, invitado especial de la Secci\u00f3n 32 del SNTE. H\u00e9ctor Yunes deber\u00eda pedir perd\u00f3n: Morena. Dos eventos imperdibles en Xalapa. Hay pol\u00edticos a los que deber\u00edan decirle sus amigos: \u201cYa si\u00e9ntate\u201d\u2026&#8211;Chopenjawer La verdad es que ya el parque de Coatepec no aguanta m\u00e1s de tanto vendedor ambulante. [&hellip;]<\/p>\n","protected":false},"author":1,"featured_media":488,"comment_status":"open","ping_status":"open","sticky":false,"template":"","format":"standard","meta":{"_jetpack_memberships_contains_paid_content":false,"footnotes":""},"categories":[11],"tags":[],"class_list":["post-32062","post","type-post","status-publish","format-standard","has-post-thumbnail","hentry","category-opinion"],"jetpack_featured_media_url":"https:\/\/encuentroinformativo.com.mx\/wp-content\/uploads\/2020\/03\/F471F608-BA1A-416B-BA7B-BCFB24F4E6D0.jpeg","jetpack_sharing_enabled":true,"jetpack_likes_enabled":true,"amp_enabled":true,"_links":{"self":[{"href":"https:\/\/encuentroinformativo.com.mx\/index.php?rest_route=\/wp\/v2\/posts\/32062","targetHints":{"allow":["GET"]}}],"collection":[{"href":"https:\/\/encuentroinformativo.com.mx\/index.php?rest_route=\/wp\/v2\/posts"}],"about":[{"href":"https:\/\/encuentroinformativo.com.mx\/index.php?rest_route=\/wp\/v2\/types\/post"}],"author":[{"embeddable":true,"href":"https:\/\/encuentroinformativo.com.mx\/index.php?rest_route=\/wp\/v2\/users\/1"}],"replies":[{"embeddable":true,"href":"https:\/\/encuentroinformativo.com.mx\/index.php?rest_route=%2Fwp%2Fv2%2Fcomments&post=32062"}],"version-history":[{"count":1,"href":"https:\/\/encuentroinformativo.com.mx\/index.php?rest_route=\/wp\/v2\/posts\/32062\/revisions"}],"predecessor-version":[{"id":32063,"href":"https:\/\/encuentroinformativo.com.mx\/index.php?rest_route=\/wp\/v2\/posts\/32062\/revisions\/32063"}],"wp:featuredmedia":[{"embeddable":true,"href":"https:\/\/encuentroinformativo.com.mx\/index.php?rest_route=\/wp\/v2\/media\/488"}],"wp:attachment":[{"href":"https:\/\/encuentroinformativo.com.mx\/index.php?rest_route=%2Fwp%2Fv2%2Fmedia&parent=32062"}],"wp:term":[{"taxonomy":"category","embeddable":true,"href":"https:\/\/encuentroinformativo.com.mx\/index.php?rest_route=%2Fwp%2Fv2%2Fcategories&post=32062"},{"taxonomy":"post_tag","embeddable":true,"href":"https:\/\/encuentroinformativo.com.mx\/index.php?rest_route=%2Fwp%2Fv2%2Ftags&post=32062"}],"curies":[{"name":"wp","href":"https:\/\/api.w.org\/{rel}","templated":true}]}}