{"id":32064,"date":"2022-09-27T11:30:14","date_gmt":"2022-09-27T16:30:14","guid":{"rendered":"https:\/\/encuentroinformativo.com.mx\/?p=32064"},"modified":"2022-09-27T11:30:18","modified_gmt":"2022-09-27T16:30:18","slug":"reclaman-espacios-educativos-dignos-en-naolinco","status":"publish","type":"post","link":"https:\/\/encuentroinformativo.com.mx\/?p=32064","title":{"rendered":"Reclaman espacios educativos \u201cdignos\u201d en Naolinco"},"content":{"rendered":"\n<p><strong>Juan Arcos <\/strong><\/p>\n\n\n\n<p>Xalapa, Ver.- Madres, padres de familia y alumnos de la escuela primaria \u201cOctavio Paz\u201d, ubicada en el fraccionamiento Cuatro Soles, municipio de Naolinco, protestaron y bloquearon la calle Juan de la Luz Enr\u00edquez en esta ciudad de Xalapa.<\/p>\n\n\n\n<p>Los inconformes denunciaron que en dicho plantel no han iniciado las clases presenciales por la falta de espacios educativos dignos.<\/p>\n\n\n\n<p>De acuerdo con Carlos Alberto Flores Garc\u00eda, uno de los quejosos, se ha solicitado la intervenci\u00f3n de autoridades municipales, pero no han recibido una respuesta favorable.<\/p>\n\n\n\n<p>El entrevistado mencion\u00f3 que la escuela est\u00e1 en muy malas condiciones desde hace tres a\u00f1os y, ante la falta de clases presenciales, se ha registrado una elevaba deserci\u00f3n escolar.<\/p>\n\n\n\n<p>En el plantel hay cerca de 100 estudiantes, pero m\u00e1s de 40 se han dado de baja, en busca de otra instancia educativa que se encuentre en buenas condiciones.<\/p>\n\n\n\n<p>El quejoso detall\u00f3 que Protecci\u00f3n Civil municipal emiti\u00f3 un dictamen por el deterioro del inmueble y determin\u00f3 que no es viable su utilizaci\u00f3n.<\/p>\n\n\n\n<p>Por tal motivo, reclamaron una audiencia con el gobernador Cuitl\u00e1huac Garc\u00eda Jim\u00e9nez para que sean atendidas sus demandas.<\/p>\n","protected":false},"excerpt":{"rendered":"<p>Juan Arcos Xalapa, Ver.- Madres, padres de familia y alumnos de la escuela primaria \u201cOctavio Paz\u201d, ubicada en el fraccionamiento Cuatro Soles, municipio de Naolinco, protestaron y bloquearon la calle Juan de la Luz Enr\u00edquez en esta ciudad de Xalapa. Los inconformes denunciaron que en dicho plantel no han iniciado las clases presenciales por la [&hellip;]<\/p>\n","protected":false},"author":1,"featured_media":32065,"comment_status":"open","ping_status":"open","sticky":false,"template":"","format":"standard","meta":{"_jetpack_memberships_contains_paid_content":false,"footnotes":""},"categories":[8],"tags":[],"class_list":["post-32064","post","type-post","status-publish","format-standard","has-post-thumbnail","hentry","category-region"],"jetpack_featured_media_url":"https:\/\/encuentroinformativo.com.mx\/wp-content\/uploads\/2022\/09\/D5C19856-C7D7-4EBC-A8AD-5E10A84E9762.jpeg","jetpack_sharing_enabled":true,"jetpack_likes_enabled":true,"amp_enabled":true,"_links":{"self":[{"href":"https:\/\/encuentroinformativo.com.mx\/index.php?rest_route=\/wp\/v2\/posts\/32064","targetHints":{"allow":["GET"]}}],"collection":[{"href":"https:\/\/encuentroinformativo.com.mx\/index.php?rest_route=\/wp\/v2\/posts"}],"about":[{"href":"https:\/\/encuentroinformativo.com.mx\/index.php?rest_route=\/wp\/v2\/types\/post"}],"author":[{"embeddable":true,"href":"https:\/\/encuentroinformativo.com.mx\/index.php?rest_route=\/wp\/v2\/users\/1"}],"replies":[{"embeddable":true,"href":"https:\/\/encuentroinformativo.com.mx\/index.php?rest_route=%2Fwp%2Fv2%2Fcomments&post=32064"}],"version-history":[{"count":1,"href":"https:\/\/encuentroinformativo.com.mx\/index.php?rest_route=\/wp\/v2\/posts\/32064\/revisions"}],"predecessor-version":[{"id":32066,"href":"https:\/\/encuentroinformativo.com.mx\/index.php?rest_route=\/wp\/v2\/posts\/32064\/revisions\/32066"}],"wp:featuredmedia":[{"embeddable":true,"href":"https:\/\/encuentroinformativo.com.mx\/index.php?rest_route=\/wp\/v2\/media\/32065"}],"wp:attachment":[{"href":"https:\/\/encuentroinformativo.com.mx\/index.php?rest_route=%2Fwp%2Fv2%2Fmedia&parent=32064"}],"wp:term":[{"taxonomy":"category","embeddable":true,"href":"https:\/\/encuentroinformativo.com.mx\/index.php?rest_route=%2Fwp%2Fv2%2Fcategories&post=32064"},{"taxonomy":"post_tag","embeddable":true,"href":"https:\/\/encuentroinformativo.com.mx\/index.php?rest_route=%2Fwp%2Fv2%2Ftags&post=32064"}],"curies":[{"name":"wp","href":"https:\/\/api.w.org\/{rel}","templated":true}]}}