{"id":32068,"date":"2022-09-27T12:50:56","date_gmt":"2022-09-27T17:50:56","guid":{"rendered":"https:\/\/encuentroinformativo.com.mx\/?p=32068"},"modified":"2022-09-27T12:50:59","modified_gmt":"2022-09-27T17:50:59","slug":"bloquean-avenida-padres-exigen-a-la-sev-mejorar-infraestructura-en-kinder","status":"publish","type":"post","link":"https:\/\/encuentroinformativo.com.mx\/?p=32068","title":{"rendered":"Bloquean avenida, padres exigen a la SEV mejorar infraestructura en kinder"},"content":{"rendered":"\n<p><strong>Alejandro \u00c1vila<\/strong><\/p>\n\n\n\n<p>Veracruz, Ver.- El jard\u00edn de ni\u00f1os &#8220;Magisterio Veracruzano&#8221; ubicado en la Unidad Habitacional &#8220;El Coyol&#8221; est\u00e1 a punto del desplome, por lo que padres de familia exigieron a la Secretar\u00eda de Educaci\u00f3n de Veracruz les brinde el apoyo antes de que suceda una tragedia.<\/p>\n\n\n\n<p>Molestos los padres de los peque\u00f1os, decidieron bloquear la avenida J.B. Lobos, una de las principales arterias viales de la zona poniente del municipio de Veracruz.<\/p>\n\n\n\n<p>Fueron los mismos padres de familia quienes pidieron a los docentes no impartir clases en las aulas debido a que est\u00e1s se encuentran fracturadas y en riesgo de caerse, por lo que los peque\u00f1os reciben su educaci\u00f3n en el patio de la escuela.<\/p>\n\n\n\n<p>Adem\u00e1s, mencionaron que, el techo de l\u00e1mina se encuentra oxidado, y Protecci\u00f3n Civil Municipal emiti\u00f3 un dictamen desaprob\u00e1ndolo, ya que asegur\u00f3 corr\u00eda riesgo de desplomarse.<\/p>\n\n\n\n<p>En cuanto a la malla perimetral, refirieron que est\u00e1 solo se sostiene por palos y est\u00e1 cercada con cinta para prevenir que los ni\u00f1os o cualquier persona se recargue.<\/p>\n\n\n\n<p>Las madres de familia reconocieron que la escuela no cuenta con escrituras; sin embargo, expusieron que esto no es motivo para que no se les brinden el apoyo, ya que lo principal es que los peque\u00f1os no sufran alg\u00fan accidente.<\/p>\n","protected":false},"excerpt":{"rendered":"<p>Alejandro \u00c1vila Veracruz, Ver.- El jard\u00edn de ni\u00f1os &#8220;Magisterio Veracruzano&#8221; ubicado en la Unidad Habitacional &#8220;El Coyol&#8221; est\u00e1 a punto del desplome, por lo que padres de familia exigieron a la Secretar\u00eda de Educaci\u00f3n de Veracruz les brinde el apoyo antes de que suceda una tragedia. Molestos los padres de los peque\u00f1os, decidieron bloquear la [&hellip;]<\/p>\n","protected":false},"author":1,"featured_media":32069,"comment_status":"open","ping_status":"open","sticky":false,"template":"","format":"standard","meta":{"_jetpack_memberships_contains_paid_content":false,"footnotes":""},"categories":[2],"tags":[],"class_list":["post-32068","post","type-post","status-publish","format-standard","has-post-thumbnail","hentry","category-estado"],"jetpack_featured_media_url":"https:\/\/encuentroinformativo.com.mx\/wp-content\/uploads\/2022\/09\/C9641820-AD4B-4B7B-9492-E9EE15F22979.jpeg","jetpack_sharing_enabled":true,"jetpack_likes_enabled":true,"amp_enabled":true,"_links":{"self":[{"href":"https:\/\/encuentroinformativo.com.mx\/index.php?rest_route=\/wp\/v2\/posts\/32068","targetHints":{"allow":["GET"]}}],"collection":[{"href":"https:\/\/encuentroinformativo.com.mx\/index.php?rest_route=\/wp\/v2\/posts"}],"about":[{"href":"https:\/\/encuentroinformativo.com.mx\/index.php?rest_route=\/wp\/v2\/types\/post"}],"author":[{"embeddable":true,"href":"https:\/\/encuentroinformativo.com.mx\/index.php?rest_route=\/wp\/v2\/users\/1"}],"replies":[{"embeddable":true,"href":"https:\/\/encuentroinformativo.com.mx\/index.php?rest_route=%2Fwp%2Fv2%2Fcomments&post=32068"}],"version-history":[{"count":1,"href":"https:\/\/encuentroinformativo.com.mx\/index.php?rest_route=\/wp\/v2\/posts\/32068\/revisions"}],"predecessor-version":[{"id":32070,"href":"https:\/\/encuentroinformativo.com.mx\/index.php?rest_route=\/wp\/v2\/posts\/32068\/revisions\/32070"}],"wp:featuredmedia":[{"embeddable":true,"href":"https:\/\/encuentroinformativo.com.mx\/index.php?rest_route=\/wp\/v2\/media\/32069"}],"wp:attachment":[{"href":"https:\/\/encuentroinformativo.com.mx\/index.php?rest_route=%2Fwp%2Fv2%2Fmedia&parent=32068"}],"wp:term":[{"taxonomy":"category","embeddable":true,"href":"https:\/\/encuentroinformativo.com.mx\/index.php?rest_route=%2Fwp%2Fv2%2Fcategories&post=32068"},{"taxonomy":"post_tag","embeddable":true,"href":"https:\/\/encuentroinformativo.com.mx\/index.php?rest_route=%2Fwp%2Fv2%2Ftags&post=32068"}],"curies":[{"name":"wp","href":"https:\/\/api.w.org\/{rel}","templated":true}]}}