{"id":32073,"date":"2022-09-27T14:03:06","date_gmt":"2022-09-27T19:03:06","guid":{"rendered":"https:\/\/encuentroinformativo.com.mx\/?p=32073"},"modified":"2022-09-27T14:03:08","modified_gmt":"2022-09-27T19:03:08","slug":"tendra-municipio-de-veracruz-primer-plan-de-desarrollo-turistico","status":"publish","type":"post","link":"https:\/\/encuentroinformativo.com.mx\/?p=32073","title":{"rendered":"Tendr\u00e1 Municipio de Veracruz primer Plan de Desarrollo Tur\u00edstico"},"content":{"rendered":"\n<p><strong>Alejandra \u00c1vila<\/strong><\/p>\n\n\n\n<p>Veracruz, Ver.- En pr\u00f3ximos d\u00edas, la Universidad Veracruzana (UV) entregar\u00e1 al Ayuntamiento de Veracruz el Plan de Desarrollo Tur\u00edstico Veracruzano, inform\u00f3 el director de Desarrollo Econ\u00f3mico y Turismo, Mario Delf\u00edn V\u00e1zquez.<\/p>\n\n\n\n<p>El funcionario municipal mencion\u00f3 que, por instrucci\u00f3n de la alcaldesa, Patricia Lobeira Rodr\u00edguez, se realizaron foros con empresarios y prestadores de servicios tur\u00edsticos, d\u00f3nde personal de Universidad Veracruzana recab\u00f3 datos para realizar estrategias que brinden una mejor proyecci\u00f3n del turismo en el municipio.<\/p>\n\n\n\n<p>&#8220;La instrucci\u00f3n de la presidenta fue enfocarnos en lo que es el verdadero turismo, y trabajar en lo que se merece el municipio qu\u00e9 es el n\u00famero uno del estado, y potencializar el turismo en el municipio de Veracruz (\u2026) una serie de acciones y lineamientos, para darle lo que se merece al municipio, c\u00f3mo lo dije hace un momento, y crear, el municipio tiene vocaci\u00f3n tur\u00edstica y explotarlo&#8221;, puntualiz\u00f3.<\/p>\n\n\n\n<p>Este martes 27 de septiembre se celebra el &#8220;D\u00eda Internacional del Turismo&#8221;, por ello, la Licenciatura de Administraci\u00f3n de Empresas Tur\u00edsticas de la Universidad Veracruzana realiz\u00f3 un foro en el teatro &#8220;Francisco Javier Clavijero&#8221;, d\u00f3nde vieron ponencias sobre el turismo global.<\/p>\n","protected":false},"excerpt":{"rendered":"<p>Alejandra \u00c1vila Veracruz, Ver.- En pr\u00f3ximos d\u00edas, la Universidad Veracruzana (UV) entregar\u00e1 al Ayuntamiento de Veracruz el Plan de Desarrollo Tur\u00edstico Veracruzano, inform\u00f3 el director de Desarrollo Econ\u00f3mico y Turismo, Mario Delf\u00edn V\u00e1zquez. El funcionario municipal mencion\u00f3 que, por instrucci\u00f3n de la alcaldesa, Patricia Lobeira Rodr\u00edguez, se realizaron foros con empresarios y prestadores de servicios [&hellip;]<\/p>\n","protected":false},"author":1,"featured_media":32074,"comment_status":"open","ping_status":"open","sticky":false,"template":"","format":"standard","meta":{"_jetpack_memberships_contains_paid_content":false,"footnotes":""},"categories":[2],"tags":[],"class_list":["post-32073","post","type-post","status-publish","format-standard","has-post-thumbnail","hentry","category-estado"],"jetpack_featured_media_url":"https:\/\/encuentroinformativo.com.mx\/wp-content\/uploads\/2022\/09\/7A2ADCFE-7753-4A57-A612-7D2E56E72512.jpeg","jetpack_sharing_enabled":true,"jetpack_likes_enabled":true,"amp_enabled":true,"_links":{"self":[{"href":"https:\/\/encuentroinformativo.com.mx\/index.php?rest_route=\/wp\/v2\/posts\/32073","targetHints":{"allow":["GET"]}}],"collection":[{"href":"https:\/\/encuentroinformativo.com.mx\/index.php?rest_route=\/wp\/v2\/posts"}],"about":[{"href":"https:\/\/encuentroinformativo.com.mx\/index.php?rest_route=\/wp\/v2\/types\/post"}],"author":[{"embeddable":true,"href":"https:\/\/encuentroinformativo.com.mx\/index.php?rest_route=\/wp\/v2\/users\/1"}],"replies":[{"embeddable":true,"href":"https:\/\/encuentroinformativo.com.mx\/index.php?rest_route=%2Fwp%2Fv2%2Fcomments&post=32073"}],"version-history":[{"count":1,"href":"https:\/\/encuentroinformativo.com.mx\/index.php?rest_route=\/wp\/v2\/posts\/32073\/revisions"}],"predecessor-version":[{"id":32075,"href":"https:\/\/encuentroinformativo.com.mx\/index.php?rest_route=\/wp\/v2\/posts\/32073\/revisions\/32075"}],"wp:featuredmedia":[{"embeddable":true,"href":"https:\/\/encuentroinformativo.com.mx\/index.php?rest_route=\/wp\/v2\/media\/32074"}],"wp:attachment":[{"href":"https:\/\/encuentroinformativo.com.mx\/index.php?rest_route=%2Fwp%2Fv2%2Fmedia&parent=32073"}],"wp:term":[{"taxonomy":"category","embeddable":true,"href":"https:\/\/encuentroinformativo.com.mx\/index.php?rest_route=%2Fwp%2Fv2%2Fcategories&post=32073"},{"taxonomy":"post_tag","embeddable":true,"href":"https:\/\/encuentroinformativo.com.mx\/index.php?rest_route=%2Fwp%2Fv2%2Ftags&post=32073"}],"curies":[{"name":"wp","href":"https:\/\/api.w.org\/{rel}","templated":true}]}}