{"id":32076,"date":"2022-09-27T14:06:09","date_gmt":"2022-09-27T19:06:09","guid":{"rendered":"https:\/\/encuentroinformativo.com.mx\/?p=32076"},"modified":"2022-09-27T14:06:12","modified_gmt":"2022-09-27T19:06:12","slug":"buscaran-autoridades-prevenir-el-embarazo-adolescente","status":"publish","type":"post","link":"https:\/\/encuentroinformativo.com.mx\/?p=32076","title":{"rendered":"Buscar\u00e1n autoridades prevenir el embarazo adolescente"},"content":{"rendered":"\n<p><strong>Alejandro \u00c1vila<\/strong><\/p>\n\n\n\n<p>Veracruz, Ver.- A trav\u00e9s de la Ruta NAME, el Ayuntamiento de Veracruz busca erradicar los altos \u00edndices de embarazo adolescente en el municipio, inform\u00f3 la regidora, Belem Palmeros Exsome.<\/p>\n\n\n\n<p>La edil priista reconoci\u00f3 que la mayor\u00eda de las menores de edad que resultan embarazadas se debe a la violencia que se ejerce sobre ellas, por tal motivo se iniciaron capacitaciones principalmente en la zona rural.<\/p>\n\n\n\n<p>&#8220;La Ruta NAME, son unas rutas locales, de ver c\u00f3mo, o los pasos que se tienen que seguir para atender estos picos, para atender a las ni\u00f1as embarazadas y ver realmente el fondo, no nada m\u00e1s darle seguimiento al embarazo, sino ver realmente el fondo que pasa, porque muchas de estas ni\u00f1as son v\u00edctimas de violencia sexual y viven con el agresor, entonces, pues es darle certeza jur\u00eddica de estas ni\u00f1as, y que puedan salir de este c\u00edrculo de violencia tan terrible y que ellas ni siquiera saben que lo padecen, porque muchas veces el agresor es el pap\u00e1, el abuelo, el padrastro, y bueno, siente que tiene un v\u00ednculo familiar con ellas&#8221;, subray\u00f3.<\/p>\n\n\n\n<p>Belem Palmeros dijo que Veracruz tiene un alto \u00edndice de porcentaje de embarazo adolescente, sin embargo, esto tambi\u00e9n se debe a que es el municipio m\u00e1s grande; incluso, coment\u00f3 que han llegado a registraras embarazos en peque\u00f1os de 10 a\u00f1os.<\/p>\n\n\n\n<p>Resalt\u00f3 que, en general, las cifras de embarazos adolescentes entre personas de la misma edad es baja; pero est\u00e1 aumenta cuando el agresor es mayor de edad.<\/p>\n\n\n\n<p>&#8220;Tuvimos un caso terrible de un fulano agresor de 35 a\u00f1os, con una chiquita de 15, y la mam\u00e1 me dec\u00eda &#8216;es que se fue por su propio pie&#8217;, &#8216;s\u00ed, pero se fue por su propio pie manipulada&#8217;, y toda esta parte envuelta para que ella pueda irse con el agresor, pero el agresor m\u00e1s adelante va a tener 45 y va a seguir buscando menores de edad, entonces este hombre ya est\u00e1 denunciado y este hombre ya debe de estar tras las rejas&#8221;, remat\u00f3.<\/p>\n","protected":false},"excerpt":{"rendered":"<p>Alejandro \u00c1vila Veracruz, Ver.- A trav\u00e9s de la Ruta NAME, el Ayuntamiento de Veracruz busca erradicar los altos \u00edndices de embarazo adolescente en el municipio, inform\u00f3 la regidora, Belem Palmeros Exsome. La edil priista reconoci\u00f3 que la mayor\u00eda de las menores de edad que resultan embarazadas se debe a la violencia que se ejerce sobre [&hellip;]<\/p>\n","protected":false},"author":1,"featured_media":32077,"comment_status":"open","ping_status":"open","sticky":false,"template":"","format":"standard","meta":{"_jetpack_memberships_contains_paid_content":false,"footnotes":""},"categories":[2],"tags":[],"class_list":["post-32076","post","type-post","status-publish","format-standard","has-post-thumbnail","hentry","category-estado"],"jetpack_featured_media_url":"https:\/\/encuentroinformativo.com.mx\/wp-content\/uploads\/2022\/09\/9CB1CF22-7688-4180-A642-94DCABF78F45.jpeg","jetpack_sharing_enabled":true,"jetpack_likes_enabled":true,"amp_enabled":true,"_links":{"self":[{"href":"https:\/\/encuentroinformativo.com.mx\/index.php?rest_route=\/wp\/v2\/posts\/32076","targetHints":{"allow":["GET"]}}],"collection":[{"href":"https:\/\/encuentroinformativo.com.mx\/index.php?rest_route=\/wp\/v2\/posts"}],"about":[{"href":"https:\/\/encuentroinformativo.com.mx\/index.php?rest_route=\/wp\/v2\/types\/post"}],"author":[{"embeddable":true,"href":"https:\/\/encuentroinformativo.com.mx\/index.php?rest_route=\/wp\/v2\/users\/1"}],"replies":[{"embeddable":true,"href":"https:\/\/encuentroinformativo.com.mx\/index.php?rest_route=%2Fwp%2Fv2%2Fcomments&post=32076"}],"version-history":[{"count":1,"href":"https:\/\/encuentroinformativo.com.mx\/index.php?rest_route=\/wp\/v2\/posts\/32076\/revisions"}],"predecessor-version":[{"id":32078,"href":"https:\/\/encuentroinformativo.com.mx\/index.php?rest_route=\/wp\/v2\/posts\/32076\/revisions\/32078"}],"wp:featuredmedia":[{"embeddable":true,"href":"https:\/\/encuentroinformativo.com.mx\/index.php?rest_route=\/wp\/v2\/media\/32077"}],"wp:attachment":[{"href":"https:\/\/encuentroinformativo.com.mx\/index.php?rest_route=%2Fwp%2Fv2%2Fmedia&parent=32076"}],"wp:term":[{"taxonomy":"category","embeddable":true,"href":"https:\/\/encuentroinformativo.com.mx\/index.php?rest_route=%2Fwp%2Fv2%2Fcategories&post=32076"},{"taxonomy":"post_tag","embeddable":true,"href":"https:\/\/encuentroinformativo.com.mx\/index.php?rest_route=%2Fwp%2Fv2%2Ftags&post=32076"}],"curies":[{"name":"wp","href":"https:\/\/api.w.org\/{rel}","templated":true}]}}