{"id":32079,"date":"2022-09-27T16:10:33","date_gmt":"2022-09-27T21:10:33","guid":{"rendered":"https:\/\/encuentroinformativo.com.mx\/?p=32079"},"modified":"2022-09-27T16:10:37","modified_gmt":"2022-09-27T21:10:37","slug":"identifican-a-persona-fallecida-localizada-en-vargas","status":"publish","type":"post","link":"https:\/\/encuentroinformativo.com.mx\/?p=32079","title":{"rendered":"Identifican a persona fallecida localizada en Vargas"},"content":{"rendered":"\n<p><strong>Alejandro \u00c1vila<\/strong><\/p>\n\n\n\n<p>Veracruz, Ver.- Apenas este martes 27 de septiembre pudo ser identificado el sujeto que fue encontrado fallecido el pasado domingo 25, en el pante\u00f3n de la localidad de Vargas en el municipio de Veracruz.<\/p>\n\n\n\n<p>El fallecido respond\u00eda en vida al nombre de Michel Antonio M. G., de 24 a\u00f1os; es de recordar que, el pasado domingo 25 de septiembre se se inform\u00f3 sobre un cuerpo sin vida sobre la carretera, frente del cementerio General de Vargas.<\/p>\n\n\n\n<p>D\u00edas despu\u00e9s y gracias a la Comisi\u00f3n Estatal de B\u00fasqueda se pudo conocer la identidad del sujeto fallecido, qui\u00e9n fue reportado como desaparecido por sus familiares desde el pasado 20 de septiembre.<\/p>\n\n\n\n<p>Las investigaciones por parte de la Polic\u00eda Ministerial continuar su curso, pues se presume pudo haber sido un homicidio por las huellas de violencia que presentaba el cuerpo.<\/p>\n","protected":false},"excerpt":{"rendered":"<p>Alejandro \u00c1vila Veracruz, Ver.- Apenas este martes 27 de septiembre pudo ser identificado el sujeto que fue encontrado fallecido el pasado domingo 25, en el pante\u00f3n de la localidad de Vargas en el municipio de Veracruz. El fallecido respond\u00eda en vida al nombre de Michel Antonio M. G., de 24 a\u00f1os; es de recordar que, [&hellip;]<\/p>\n","protected":false},"author":1,"featured_media":32080,"comment_status":"open","ping_status":"open","sticky":false,"template":"","format":"standard","meta":{"_jetpack_memberships_contains_paid_content":false,"footnotes":""},"categories":[2],"tags":[],"class_list":["post-32079","post","type-post","status-publish","format-standard","has-post-thumbnail","hentry","category-estado"],"jetpack_featured_media_url":"https:\/\/encuentroinformativo.com.mx\/wp-content\/uploads\/2022\/09\/5E88340E-6420-49B1-91E6-647687A9944F.jpeg","jetpack_sharing_enabled":true,"jetpack_likes_enabled":true,"amp_enabled":true,"_links":{"self":[{"href":"https:\/\/encuentroinformativo.com.mx\/index.php?rest_route=\/wp\/v2\/posts\/32079","targetHints":{"allow":["GET"]}}],"collection":[{"href":"https:\/\/encuentroinformativo.com.mx\/index.php?rest_route=\/wp\/v2\/posts"}],"about":[{"href":"https:\/\/encuentroinformativo.com.mx\/index.php?rest_route=\/wp\/v2\/types\/post"}],"author":[{"embeddable":true,"href":"https:\/\/encuentroinformativo.com.mx\/index.php?rest_route=\/wp\/v2\/users\/1"}],"replies":[{"embeddable":true,"href":"https:\/\/encuentroinformativo.com.mx\/index.php?rest_route=%2Fwp%2Fv2%2Fcomments&post=32079"}],"version-history":[{"count":1,"href":"https:\/\/encuentroinformativo.com.mx\/index.php?rest_route=\/wp\/v2\/posts\/32079\/revisions"}],"predecessor-version":[{"id":32081,"href":"https:\/\/encuentroinformativo.com.mx\/index.php?rest_route=\/wp\/v2\/posts\/32079\/revisions\/32081"}],"wp:featuredmedia":[{"embeddable":true,"href":"https:\/\/encuentroinformativo.com.mx\/index.php?rest_route=\/wp\/v2\/media\/32080"}],"wp:attachment":[{"href":"https:\/\/encuentroinformativo.com.mx\/index.php?rest_route=%2Fwp%2Fv2%2Fmedia&parent=32079"}],"wp:term":[{"taxonomy":"category","embeddable":true,"href":"https:\/\/encuentroinformativo.com.mx\/index.php?rest_route=%2Fwp%2Fv2%2Fcategories&post=32079"},{"taxonomy":"post_tag","embeddable":true,"href":"https:\/\/encuentroinformativo.com.mx\/index.php?rest_route=%2Fwp%2Fv2%2Ftags&post=32079"}],"curies":[{"name":"wp","href":"https:\/\/api.w.org\/{rel}","templated":true}]}}