{"id":32082,"date":"2022-09-27T16:18:55","date_gmt":"2022-09-27T21:18:55","guid":{"rendered":"https:\/\/encuentroinformativo.com.mx\/?p=32082"},"modified":"2022-09-27T16:18:59","modified_gmt":"2022-09-27T21:18:59","slug":"persecucion-y-balacera-en-calles-de-xalapa","status":"publish","type":"post","link":"https:\/\/encuentroinformativo.com.mx\/?p=32082","title":{"rendered":"Persecuci\u00f3n y balacera en calles de Xalapa"},"content":{"rendered":"\n<p><strong>Juan Arcos<\/strong>\u00a0<\/p>\n\n\n\n<p>Xalapa, Ver.- Este martes se registr\u00f3 una persecuci\u00f3n policiaca y una balacera en la zona centro de la ciudad de Xalapa, la capital de Veracruz.<\/p>\n\n\n\n<p>Los hechos ocurrieron despu\u00e9s del mediod\u00eda en las inmediaciones del mercado \u201cLos Sauces\u201d, una zona concurrida por la terminal de autobuses con rutas para Coatepec, Xico, Teocelo y otros municipios.<\/p>\n\n\n\n<p>Los elementos de la Secretar\u00eda de Seguridad P\u00fablica (SSP) segu\u00edan un auto particular con placas de la Ciudad de M\u00e9xico, donde presuntamente viajaban sujetos armados.<\/p>\n\n\n\n<p>Los polic\u00edas les marcaron el alto a los presuntos delincuentes, pero hicieron caso omiso y se inici\u00f3 una persecuci\u00f3n con detonaciones de arma de fuego.<\/p>\n\n\n\n<p>Los sujetos armados pretend\u00edan huir hacia la carretera antigua al municipio de Coatepec, con direcci\u00f3n hacia la zona residencial Briones.<\/p>\n\n\n\n<p>Tras la persecuci\u00f3n policiaca, el veh\u00edculo particular choc\u00f3 contra al menos tres autom\u00f3viles que se encontraban estacionados sobre la esquina de las calles L\u00e1zaro C\u00e1rdenas y Emiliano Zapata, en la colonia Benito Ju\u00e1rez, cerca del mercado \u201cLos Sauces\u201d.<\/p>\n\n\n\n<p>En este sitio, continu\u00f3 el enfrentamiento armado, situaci\u00f3n que alarm\u00f3 a los pobladores y oblig\u00f3 a algunos comerciantes a cerrar sus negocios.<\/p>\n\n\n\n<p>Los polic\u00edas estatales acordonaron la zona para que el personal de la Fiscal\u00eda General del Estado (FGE) iniciara las investigaciones correspondientes.<\/p>\n\n\n\n<p>La SSP, a cargo de Hugo Guti\u00e9rrez Maldonado, inform\u00f3 que derivado de un reporte a la l\u00ednea de emergencias 911 sobre detonaci\u00f3nes de arma de fuego, elementos estatales y de otras corporaciones desplegaron el operativo C\u00f3digo Rojo, logrando la detenci\u00f3n de personas y el aseguramiento de veh\u00edculos.<\/p>\n\n\n\n<p>Adem\u00e1s, en coordinaci\u00f3n con elementos ministeriales, los oficiales estatales realizan labores de seguridad en la zona para prevenir cualquier otro incidente que ponga en riesgo a la poblaci\u00f3n.<\/p>\n","protected":false},"excerpt":{"rendered":"<p>Juan Arcos\u00a0 Xalapa, Ver.- Este martes se registr\u00f3 una persecuci\u00f3n policiaca y una balacera en la zona centro de la ciudad de Xalapa, la capital de Veracruz. Los hechos ocurrieron despu\u00e9s del mediod\u00eda en las inmediaciones del mercado \u201cLos Sauces\u201d, una zona concurrida por la terminal de autobuses con rutas para Coatepec, Xico, Teocelo y [&hellip;]<\/p>\n","protected":false},"author":1,"featured_media":32083,"comment_status":"open","ping_status":"open","sticky":false,"template":"","format":"standard","meta":{"_jetpack_memberships_contains_paid_content":false,"footnotes":""},"categories":[14],"tags":[],"class_list":["post-32082","post","type-post","status-publish","format-standard","has-post-thumbnail","hentry","category-policiaca"],"jetpack_featured_media_url":"https:\/\/encuentroinformativo.com.mx\/wp-content\/uploads\/2022\/09\/7E5DFD3D-4425-4E0A-93CF-DC85A91A2379.jpeg","jetpack_sharing_enabled":true,"jetpack_likes_enabled":true,"amp_enabled":true,"_links":{"self":[{"href":"https:\/\/encuentroinformativo.com.mx\/index.php?rest_route=\/wp\/v2\/posts\/32082","targetHints":{"allow":["GET"]}}],"collection":[{"href":"https:\/\/encuentroinformativo.com.mx\/index.php?rest_route=\/wp\/v2\/posts"}],"about":[{"href":"https:\/\/encuentroinformativo.com.mx\/index.php?rest_route=\/wp\/v2\/types\/post"}],"author":[{"embeddable":true,"href":"https:\/\/encuentroinformativo.com.mx\/index.php?rest_route=\/wp\/v2\/users\/1"}],"replies":[{"embeddable":true,"href":"https:\/\/encuentroinformativo.com.mx\/index.php?rest_route=%2Fwp%2Fv2%2Fcomments&post=32082"}],"version-history":[{"count":1,"href":"https:\/\/encuentroinformativo.com.mx\/index.php?rest_route=\/wp\/v2\/posts\/32082\/revisions"}],"predecessor-version":[{"id":32084,"href":"https:\/\/encuentroinformativo.com.mx\/index.php?rest_route=\/wp\/v2\/posts\/32082\/revisions\/32084"}],"wp:featuredmedia":[{"embeddable":true,"href":"https:\/\/encuentroinformativo.com.mx\/index.php?rest_route=\/wp\/v2\/media\/32083"}],"wp:attachment":[{"href":"https:\/\/encuentroinformativo.com.mx\/index.php?rest_route=%2Fwp%2Fv2%2Fmedia&parent=32082"}],"wp:term":[{"taxonomy":"category","embeddable":true,"href":"https:\/\/encuentroinformativo.com.mx\/index.php?rest_route=%2Fwp%2Fv2%2Fcategories&post=32082"},{"taxonomy":"post_tag","embeddable":true,"href":"https:\/\/encuentroinformativo.com.mx\/index.php?rest_route=%2Fwp%2Fv2%2Ftags&post=32082"}],"curies":[{"name":"wp","href":"https:\/\/api.w.org\/{rel}","templated":true}]}}