{"id":32085,"date":"2022-09-27T16:38:16","date_gmt":"2022-09-27T21:38:16","guid":{"rendered":"https:\/\/encuentroinformativo.com.mx\/?p=32085"},"modified":"2022-09-27T16:38:20","modified_gmt":"2022-09-27T21:38:20","slug":"con-pago-del-impuesto-predial-se-beneficia-directamente-a-los-boquenos-alcalde-jm-unanue","status":"publish","type":"post","link":"https:\/\/encuentroinformativo.com.mx\/?p=32085","title":{"rendered":"Con pago del impuesto predial, se beneficia directamente a los boque\u00f1os: Alcalde JM Un\u00e1nue"},"content":{"rendered":"\n<p>Boca del R\u00edo, Ver.- Con el pago del Impuesto Predial, el Ayuntamiento de Boca del R\u00edo, tiene la oportunidad de generar m\u00e1s obras y acciones en beneficio de las boque\u00f1as y boque\u00f1os, resalt\u00f3 el Alcalde Juan Manuel Un\u00e1nue Abascal.<\/p>\n\n\n\n<p>Por ello, se hace la invitaci\u00f3n a todos los habitantes del municipio, para que aprovechen el descuento del 100% en recargos para quienes adeuden el Predial de 2021 o a\u00f1os anteriores.<\/p>\n\n\n\n<p>\u201cEl predial es necesario para sostener los gastos p\u00fablicos, ya que, con estos recursos, los utilizaremos para mejorar y cambiar significativamente nuestro municipio\u201d, enfatiz\u00f3 el Presidente Municipal.<\/p>\n\n\n\n<p>Con la aprobaci\u00f3n del descuento en recargo, se apoya directamente a la econom\u00eda de los ciudadanos.<\/p>\n\n\n\n<p>El recurso que se obtiene, \u201ces utilizado para cumplir con responsabilidades como es el caso de la seguridad p\u00fablica, la prestaci\u00f3n de servicios, alumbrado p\u00fablico, recolecci\u00f3n de basura, agua potable y alcantarillado\u201d, recalco el Edil.<\/p>\n\n\n\n<p>El pago del Impuesto Predial puede ser pagado en las instalaciones del Palacio Municipal ubicado en la avenida Revoluci\u00f3n n\u00famero 1000, Zona Centro de la Cabecera Municipal, en horario de 8 de la ma\u00f1ana a 3 de la tarde.<\/p>\n\n\n\n<p>Tambi\u00e9n puede visitar la p\u00e1gina y realizar su pago en l\u00ednea en https:\/\/pagos.bocadelrio.gob.mx\/impuesto-prediall; si tiene alguna duda se puede comunicar para solicitar informes al (229) 2022222 ext. 1220 o 1221.<\/p>\n\n\n\n<p>Otro m\u00f3dulo al que puede acudir es al que se encuentra en el bulevar Adolfo Ruiz Cortines, a la altura del fraccionamiento Costa de Oro en un horario de 9 de la ma\u00f1ana a 3 de la tarde, de lunes a viernes.<\/p>\n\n\n\n<p>Cabe destacar, que, para mayor comodidad, se puede realizar el pago en efectivo, con tarjeta de cr\u00e9dito o d\u00e9bito.<\/p>\n\n\n\n<p>En caso de acudir directamente a ventanilla de alguna instituci\u00f3n bancaria con los que el Ayuntamiento de Boca del R\u00edo cuenta con un convenio, es necesario que imprima su estado de cuenta en la p\u00e1gina ya mencionada.<\/p>\n\n\n\n<figure class=\"wp-block-image size-large\"><img loading=\"lazy\" decoding=\"async\" width=\"1024\" height=\"1024\" src=\"https:\/\/encuentroinformativo.com.mx\/wp-content\/uploads\/2022\/09\/0BE013F2-8711-48E5-91E3-FF585BD5610F-1024x1024.jpeg\" alt=\"\" class=\"wp-image-32086\" srcset=\"https:\/\/encuentroinformativo.com.mx\/wp-content\/uploads\/2022\/09\/0BE013F2-8711-48E5-91E3-FF585BD5610F-1024x1024.jpeg 1024w, https:\/\/encuentroinformativo.com.mx\/wp-content\/uploads\/2022\/09\/0BE013F2-8711-48E5-91E3-FF585BD5610F-300x300.jpeg 300w, https:\/\/encuentroinformativo.com.mx\/wp-content\/uploads\/2022\/09\/0BE013F2-8711-48E5-91E3-FF585BD5610F-150x150.jpeg 150w, https:\/\/encuentroinformativo.com.mx\/wp-content\/uploads\/2022\/09\/0BE013F2-8711-48E5-91E3-FF585BD5610F-768x768.jpeg 768w, https:\/\/encuentroinformativo.com.mx\/wp-content\/uploads\/2022\/09\/0BE013F2-8711-48E5-91E3-FF585BD5610F.jpeg 1280w\" sizes=\"auto, (max-width: 1024px) 100vw, 1024px\" \/><\/figure>\n","protected":false},"excerpt":{"rendered":"<p>Boca del R\u00edo, Ver.- Con el pago del Impuesto Predial, el Ayuntamiento de Boca del R\u00edo, tiene la oportunidad de generar m\u00e1s obras y acciones en beneficio de las boque\u00f1as y boque\u00f1os, resalt\u00f3 el Alcalde Juan Manuel Un\u00e1nue Abascal. Por ello, se hace la invitaci\u00f3n a todos los habitantes del municipio, para que aprovechen el [&hellip;]<\/p>\n","protected":false},"author":1,"featured_media":32086,"comment_status":"open","ping_status":"open","sticky":false,"template":"","format":"standard","meta":{"_jetpack_memberships_contains_paid_content":false,"footnotes":""},"categories":[2],"tags":[],"class_list":["post-32085","post","type-post","status-publish","format-standard","has-post-thumbnail","hentry","category-estado"],"jetpack_featured_media_url":"https:\/\/encuentroinformativo.com.mx\/wp-content\/uploads\/2022\/09\/0BE013F2-8711-48E5-91E3-FF585BD5610F.jpeg","jetpack_sharing_enabled":true,"jetpack_likes_enabled":true,"amp_enabled":true,"_links":{"self":[{"href":"https:\/\/encuentroinformativo.com.mx\/index.php?rest_route=\/wp\/v2\/posts\/32085","targetHints":{"allow":["GET"]}}],"collection":[{"href":"https:\/\/encuentroinformativo.com.mx\/index.php?rest_route=\/wp\/v2\/posts"}],"about":[{"href":"https:\/\/encuentroinformativo.com.mx\/index.php?rest_route=\/wp\/v2\/types\/post"}],"author":[{"embeddable":true,"href":"https:\/\/encuentroinformativo.com.mx\/index.php?rest_route=\/wp\/v2\/users\/1"}],"replies":[{"embeddable":true,"href":"https:\/\/encuentroinformativo.com.mx\/index.php?rest_route=%2Fwp%2Fv2%2Fcomments&post=32085"}],"version-history":[{"count":1,"href":"https:\/\/encuentroinformativo.com.mx\/index.php?rest_route=\/wp\/v2\/posts\/32085\/revisions"}],"predecessor-version":[{"id":32087,"href":"https:\/\/encuentroinformativo.com.mx\/index.php?rest_route=\/wp\/v2\/posts\/32085\/revisions\/32087"}],"wp:featuredmedia":[{"embeddable":true,"href":"https:\/\/encuentroinformativo.com.mx\/index.php?rest_route=\/wp\/v2\/media\/32086"}],"wp:attachment":[{"href":"https:\/\/encuentroinformativo.com.mx\/index.php?rest_route=%2Fwp%2Fv2%2Fmedia&parent=32085"}],"wp:term":[{"taxonomy":"category","embeddable":true,"href":"https:\/\/encuentroinformativo.com.mx\/index.php?rest_route=%2Fwp%2Fv2%2Fcategories&post=32085"},{"taxonomy":"post_tag","embeddable":true,"href":"https:\/\/encuentroinformativo.com.mx\/index.php?rest_route=%2Fwp%2Fv2%2Ftags&post=32085"}],"curies":[{"name":"wp","href":"https:\/\/api.w.org\/{rel}","templated":true}]}}