{"id":32088,"date":"2022-09-28T10:05:34","date_gmt":"2022-09-28T15:05:34","guid":{"rendered":"https:\/\/encuentroinformativo.com.mx\/?p=32088"},"modified":"2022-09-28T10:05:41","modified_gmt":"2022-09-28T15:05:41","slug":"por-volcadura-en-colonia-de-poza-rica-fallece-menor-de-edad","status":"publish","type":"post","link":"https:\/\/encuentroinformativo.com.mx\/?p=32088","title":{"rendered":"Por volcadura, en colonia de Poza Rica fallece menor de edad"},"content":{"rendered":"\n<p><strong>Alejandro \u00c1vila<\/strong><\/p>\n\n\n\n<p>Poza Rica, Ver.- Un menor de edad fallecio la noche de este martes en Poza Rica tras volcar su Racer 4&#215;4, veh\u00edculo que recientemente le hab\u00eda regalado su padre.<\/p>\n\n\n\n<p>A trav\u00e9s de redes sociales se difundieron videos del accidente, donde se puede apreciar que la conductora toma la bajada de la calle Pascual Ort\u00edz Rubio a toda velocidad, a mitad de camino la unidad vuelca y se menciona que la peque\u00f1a muri\u00f3 casi al instante.<\/p>\n\n\n\n<p>Los hechos ocurrieron la noche de este martes en la colonia Petromex de la ciudad de Poza Rica, donde vecinos manifestaron que horas antes, la menor estaba realizando acrobacias en dicha unidad.<\/p>\n\n\n\n<p>La menor fallecida fue identificada como Amelia Salas de aproximadamente 16 a\u00f1os de edad; la cual iba acompa\u00f1ada de otra joven identificada como Regina Vera, misma que fue ingresada a la cl\u00ednica del IMSS con severos golpes.<\/p>\n\n\n\n<p>Otro video muestra la conmoci\u00f3n de los vecinos al ver a la peque\u00f1a tirada en la calle, a la cual ya le hab\u00edan colocado una s\u00e1bana encima, en espera de que llegaran a las unidades de emergencia.<\/p>\n","protected":false},"excerpt":{"rendered":"<p>Alejandro \u00c1vila Poza Rica, Ver.- Un menor de edad fallecio la noche de este martes en Poza Rica tras volcar su Racer 4&#215;4, veh\u00edculo que recientemente le hab\u00eda regalado su padre. A trav\u00e9s de redes sociales se difundieron videos del accidente, donde se puede apreciar que la conductora toma la bajada de la calle Pascual [&hellip;]<\/p>\n","protected":false},"author":1,"featured_media":32089,"comment_status":"open","ping_status":"open","sticky":false,"template":"","format":"standard","meta":{"_jetpack_memberships_contains_paid_content":false,"footnotes":""},"categories":[2],"tags":[],"class_list":["post-32088","post","type-post","status-publish","format-standard","has-post-thumbnail","hentry","category-estado"],"jetpack_featured_media_url":"https:\/\/encuentroinformativo.com.mx\/wp-content\/uploads\/2022\/09\/61E9BAF6-F007-463E-BC50-F01DA58423BA.jpeg","jetpack_sharing_enabled":true,"jetpack_likes_enabled":true,"amp_enabled":true,"_links":{"self":[{"href":"https:\/\/encuentroinformativo.com.mx\/index.php?rest_route=\/wp\/v2\/posts\/32088","targetHints":{"allow":["GET"]}}],"collection":[{"href":"https:\/\/encuentroinformativo.com.mx\/index.php?rest_route=\/wp\/v2\/posts"}],"about":[{"href":"https:\/\/encuentroinformativo.com.mx\/index.php?rest_route=\/wp\/v2\/types\/post"}],"author":[{"embeddable":true,"href":"https:\/\/encuentroinformativo.com.mx\/index.php?rest_route=\/wp\/v2\/users\/1"}],"replies":[{"embeddable":true,"href":"https:\/\/encuentroinformativo.com.mx\/index.php?rest_route=%2Fwp%2Fv2%2Fcomments&post=32088"}],"version-history":[{"count":1,"href":"https:\/\/encuentroinformativo.com.mx\/index.php?rest_route=\/wp\/v2\/posts\/32088\/revisions"}],"predecessor-version":[{"id":32090,"href":"https:\/\/encuentroinformativo.com.mx\/index.php?rest_route=\/wp\/v2\/posts\/32088\/revisions\/32090"}],"wp:featuredmedia":[{"embeddable":true,"href":"https:\/\/encuentroinformativo.com.mx\/index.php?rest_route=\/wp\/v2\/media\/32089"}],"wp:attachment":[{"href":"https:\/\/encuentroinformativo.com.mx\/index.php?rest_route=%2Fwp%2Fv2%2Fmedia&parent=32088"}],"wp:term":[{"taxonomy":"category","embeddable":true,"href":"https:\/\/encuentroinformativo.com.mx\/index.php?rest_route=%2Fwp%2Fv2%2Fcategories&post=32088"},{"taxonomy":"post_tag","embeddable":true,"href":"https:\/\/encuentroinformativo.com.mx\/index.php?rest_route=%2Fwp%2Fv2%2Ftags&post=32088"}],"curies":[{"name":"wp","href":"https:\/\/api.w.org\/{rel}","templated":true}]}}