{"id":32092,"date":"2022-09-28T10:13:39","date_gmt":"2022-09-28T15:13:39","guid":{"rendered":"https:\/\/encuentroinformativo.com.mx\/?p=32092"},"modified":"2022-09-28T10:13:45","modified_gmt":"2022-09-28T15:13:45","slug":"necesario-impulsar-prevencion-para-erradicar-altos-indices-de-cancer-infantil-diputada","status":"publish","type":"post","link":"https:\/\/encuentroinformativo.com.mx\/?p=32092","title":{"rendered":"Necesario impulsar prevenci\u00f3n para erradicar altos \u00edndices de c\u00e1ncer infantil: Diputada"},"content":{"rendered":"\n<p><strong>Alejandro \u00c1vila<\/strong><\/p>\n\n\n\n<p>Veracruz, Ver.- En M\u00e9xico m\u00e1s del 50 por ciento de los menores de edad que padecen c\u00e1ncer son por leucemia, seg\u00fan el \u00faltimo reporte del INEGI realizado en febrero del 2022, el cual arroj\u00f3 este dato en menores de 0 a 14 a\u00f1os, mencion\u00f3 la diputada local, Ver\u00f3nica Pulido Herrera.<\/p>\n\n\n\n<p>La legisladora panista dijo que, el resto se divide en tumores malignos de meninges, del enc\u00e9falo y otras partes del sistema nervioso central, as\u00ed como tumor maligno de h\u00edgado y de v\u00edas biliares intrahepatica, adem\u00e1s de linfoma no Hodgkin.<\/p>\n\n\n\n<p>&#8220;No hay datos recientes (de Veracruz), hay datos por ejemplo, te puedo decir a nivel nacional del 2017, seg\u00fan el Centro Nacional para la Salud y la Infancia y la Adolescencia, el c\u00e1ncer infantil fue la primer causa de muerte de enfermedad de los ni\u00f1os, y la tasa de mortalidad por 100 mil habitantes de adolescentes de entre 15 y 19 a\u00f1os, fue la tasa de mayor mortalidad con 6.88 por ciento. En el 2021 en una declaraci\u00f3n de la presidenta de AMANC aqu\u00ed en el puerto de Veracruz, manifest\u00f3 muerte de 24 ni\u00f1os por c\u00e1ncer infantil, la cifra m\u00e1s alta que ellos tienen reportada, creo que hay mucha labor que hacer y la prevenci\u00f3n es lo m\u00e1s barato&#8221;, puntualiz\u00f3.<\/p>\n\n\n\n<p>Debido a esta situaci\u00f3n, la diputada local Ver\u00f3nica Pulido, promovi\u00f3 este martes 23 septiembre, la ponencia &#8220;Concientizaci\u00f3n del C\u00e1ncer Infantil&#8221;, impartida por el onc\u00f3logo pediatra, C\u00e9sar Alejandro Romero Z\u00e1rate, m\u00e9dico adscrito a la Secretar\u00eda de Salud de Veracruz, la cual se llev\u00f3 a cabo en el Club de Leones.<\/p>\n\n\n\n<p>&#8220;Creo que hacer este tipo de acciones como est\u00e1 conferencia, agradezco la participaci\u00f3n del onc\u00f3logo pediatra, el doctor, C\u00e9sar Alejandro Romero, qui\u00e9n viene a darnos precisamente (la pl\u00e1tica), y va dirigida hacia el p\u00fablico general de manera gratuita, para que la poblaci\u00f3n pueda detectar cu\u00e1les son esos signos y s\u00edntomas de alarma, porque desgraciadamente el c\u00e1ncer infantil ya cuando se diagnostica, es cuando ya es irreversible&#8221;, culmin\u00f3.<\/p>\n","protected":false},"excerpt":{"rendered":"<p>Alejandro \u00c1vila Veracruz, Ver.- En M\u00e9xico m\u00e1s del 50 por ciento de los menores de edad que padecen c\u00e1ncer son por leucemia, seg\u00fan el \u00faltimo reporte del INEGI realizado en febrero del 2022, el cual arroj\u00f3 este dato en menores de 0 a 14 a\u00f1os, mencion\u00f3 la diputada local, Ver\u00f3nica Pulido Herrera. La legisladora panista [&hellip;]<\/p>\n","protected":false},"author":1,"featured_media":32093,"comment_status":"open","ping_status":"open","sticky":false,"template":"","format":"standard","meta":{"_jetpack_memberships_contains_paid_content":false,"footnotes":""},"categories":[9],"tags":[],"class_list":["post-32092","post","type-post","status-publish","format-standard","has-post-thumbnail","hentry","category-salud"],"jetpack_featured_media_url":"https:\/\/encuentroinformativo.com.mx\/wp-content\/uploads\/2022\/09\/00AFFF6E-D2B6-4B49-9FCD-14C1EBED6968.jpeg","jetpack_sharing_enabled":true,"jetpack_likes_enabled":true,"amp_enabled":true,"_links":{"self":[{"href":"https:\/\/encuentroinformativo.com.mx\/index.php?rest_route=\/wp\/v2\/posts\/32092","targetHints":{"allow":["GET"]}}],"collection":[{"href":"https:\/\/encuentroinformativo.com.mx\/index.php?rest_route=\/wp\/v2\/posts"}],"about":[{"href":"https:\/\/encuentroinformativo.com.mx\/index.php?rest_route=\/wp\/v2\/types\/post"}],"author":[{"embeddable":true,"href":"https:\/\/encuentroinformativo.com.mx\/index.php?rest_route=\/wp\/v2\/users\/1"}],"replies":[{"embeddable":true,"href":"https:\/\/encuentroinformativo.com.mx\/index.php?rest_route=%2Fwp%2Fv2%2Fcomments&post=32092"}],"version-history":[{"count":1,"href":"https:\/\/encuentroinformativo.com.mx\/index.php?rest_route=\/wp\/v2\/posts\/32092\/revisions"}],"predecessor-version":[{"id":32094,"href":"https:\/\/encuentroinformativo.com.mx\/index.php?rest_route=\/wp\/v2\/posts\/32092\/revisions\/32094"}],"wp:featuredmedia":[{"embeddable":true,"href":"https:\/\/encuentroinformativo.com.mx\/index.php?rest_route=\/wp\/v2\/media\/32093"}],"wp:attachment":[{"href":"https:\/\/encuentroinformativo.com.mx\/index.php?rest_route=%2Fwp%2Fv2%2Fmedia&parent=32092"}],"wp:term":[{"taxonomy":"category","embeddable":true,"href":"https:\/\/encuentroinformativo.com.mx\/index.php?rest_route=%2Fwp%2Fv2%2Fcategories&post=32092"},{"taxonomy":"post_tag","embeddable":true,"href":"https:\/\/encuentroinformativo.com.mx\/index.php?rest_route=%2Fwp%2Fv2%2Ftags&post=32092"}],"curies":[{"name":"wp","href":"https:\/\/api.w.org\/{rel}","templated":true}]}}