{"id":32095,"date":"2022-09-28T12:27:20","date_gmt":"2022-09-28T17:27:20","guid":{"rendered":"https:\/\/encuentroinformativo.com.mx\/?p=32095"},"modified":"2022-09-28T12:27:24","modified_gmt":"2022-09-28T17:27:24","slug":"celebraran-130-aniversario-del-encierro-de-burros-en-alvarado","status":"publish","type":"post","link":"https:\/\/encuentroinformativo.com.mx\/?p=32095","title":{"rendered":"Celebrar\u00e1n 130 aniversario del &#8220;Encierro de Burros&#8221; en Alvarado"},"content":{"rendered":"\n<p><strong>Alejandro \u00c1vila<\/strong><\/p>\n\n\n\n<p>Veracruz, Ver.- El pr\u00f3ximo s\u00e1bado 8 de octubre se celebrar\u00e1 el 130 aniversario del &#8220;Encierro de Burros&#8221; en el municipio de Alvarado, en el marco de las fiestas en honor a la Virgen del Rosario.<\/p>\n\n\n\n<p>La alcaldesa Lizzette \u00c1lvarez Vera mencion\u00f3 que, para este evento y el resto de actividades que se contemplan, se tiene un estimado de 3 mil visitantes, sobre todo aquellos que se desarrollan en el fin de semana.<\/p>\n\n\n\n<p>Los festejos en honor a la Patrona del municipio de Alvarado comenzar\u00e1n el 30 de septiembre y culminar\u00e1 el 16 de octubre, entre las actividades se destacan la Mojiganga, la Cabalgata, la Regata, Rodeo Extremo, carrera de 3.5 kil\u00f3metros, Expo Emprendedores, as\u00ed como el &#8220;Encierro de Burros&#8221;.<\/p>\n\n\n\n<p>&#8220;Este a\u00f1o estamos dando un \u00e9nfasis especial en organizaci\u00f3n, para que los turistas que nos visitan se sientan como en casa, y de esta manera seguir creciendo como municipio y seguir creando oportunidades para Alvarado, de crecimiento, de dar a conocer nuestra cultura, nuestra tradici\u00f3n&#8221;, apunt\u00f3.<\/p>\n\n\n\n<p>Lizzette \u00c1lvarez mencion\u00f3 que, la poblaci\u00f3n se encuentra entusiasmada por poder volver a a festejar a la Patrona del municipio, toda vez que durante 2 a\u00f1os tuvieron que suspender los festejos por la pandemia.<\/p>\n","protected":false},"excerpt":{"rendered":"<p>Alejandro \u00c1vila Veracruz, Ver.- El pr\u00f3ximo s\u00e1bado 8 de octubre se celebrar\u00e1 el 130 aniversario del &#8220;Encierro de Burros&#8221; en el municipio de Alvarado, en el marco de las fiestas en honor a la Virgen del Rosario. La alcaldesa Lizzette \u00c1lvarez Vera mencion\u00f3 que, para este evento y el resto de actividades que se contemplan, [&hellip;]<\/p>\n","protected":false},"author":1,"featured_media":32096,"comment_status":"open","ping_status":"open","sticky":false,"template":"","format":"standard","meta":{"_jetpack_memberships_contains_paid_content":false,"footnotes":""},"categories":[2],"tags":[],"class_list":["post-32095","post","type-post","status-publish","format-standard","has-post-thumbnail","hentry","category-estado"],"jetpack_featured_media_url":"https:\/\/encuentroinformativo.com.mx\/wp-content\/uploads\/2022\/09\/BAC49D98-51C2-4BAA-882A-62D3A9BAD203.jpeg","jetpack_sharing_enabled":true,"jetpack_likes_enabled":true,"amp_enabled":true,"_links":{"self":[{"href":"https:\/\/encuentroinformativo.com.mx\/index.php?rest_route=\/wp\/v2\/posts\/32095","targetHints":{"allow":["GET"]}}],"collection":[{"href":"https:\/\/encuentroinformativo.com.mx\/index.php?rest_route=\/wp\/v2\/posts"}],"about":[{"href":"https:\/\/encuentroinformativo.com.mx\/index.php?rest_route=\/wp\/v2\/types\/post"}],"author":[{"embeddable":true,"href":"https:\/\/encuentroinformativo.com.mx\/index.php?rest_route=\/wp\/v2\/users\/1"}],"replies":[{"embeddable":true,"href":"https:\/\/encuentroinformativo.com.mx\/index.php?rest_route=%2Fwp%2Fv2%2Fcomments&post=32095"}],"version-history":[{"count":1,"href":"https:\/\/encuentroinformativo.com.mx\/index.php?rest_route=\/wp\/v2\/posts\/32095\/revisions"}],"predecessor-version":[{"id":32097,"href":"https:\/\/encuentroinformativo.com.mx\/index.php?rest_route=\/wp\/v2\/posts\/32095\/revisions\/32097"}],"wp:featuredmedia":[{"embeddable":true,"href":"https:\/\/encuentroinformativo.com.mx\/index.php?rest_route=\/wp\/v2\/media\/32096"}],"wp:attachment":[{"href":"https:\/\/encuentroinformativo.com.mx\/index.php?rest_route=%2Fwp%2Fv2%2Fmedia&parent=32095"}],"wp:term":[{"taxonomy":"category","embeddable":true,"href":"https:\/\/encuentroinformativo.com.mx\/index.php?rest_route=%2Fwp%2Fv2%2Fcategories&post=32095"},{"taxonomy":"post_tag","embeddable":true,"href":"https:\/\/encuentroinformativo.com.mx\/index.php?rest_route=%2Fwp%2Fv2%2Ftags&post=32095"}],"curies":[{"name":"wp","href":"https:\/\/api.w.org\/{rel}","templated":true}]}}