{"id":3210,"date":"2020-06-09T16:36:51","date_gmt":"2020-06-09T21:36:51","guid":{"rendered":"https:\/\/encuentroinformativo.com\/?p=3210"},"modified":"2020-06-09T16:36:53","modified_gmt":"2020-06-09T21:36:53","slug":"ayuntamiento-no-estaba-preparado-para-agresiones-de-manifestantes-alcalde","status":"publish","type":"post","link":"https:\/\/encuentroinformativo.com.mx\/?p=3210","title":{"rendered":"Ayuntamiento no estaba preparado para agresiones de manifestantes: Alcalde"},"content":{"rendered":"\n<p><strong>Dar\u00edo Pale <\/strong><\/p>\n\n\n\n<p>Xalapa, Ver.- El presidente municipal de Xalapa Hip\u00f3lito Rodr\u00edguez Herrero dio a conocer que no sab\u00edan que durante la marcha causar\u00edan destrozos por lo que no estaban preparados, no obstante ya tienen identificados a quienes hicieron estos da\u00f1os solo esperan que presenten las denuncias correspondientes.<\/p>\n\n\n\n<p>Entrevistado en las calles del centro de Xalapa se\u00f1al\u00f3 que en la marcha que se realiz\u00f3 el d\u00eda de ayer hubo un grupo muy violento que a todos les pareci\u00f3 inaceptable, pese a que han luchado porque exista la libertad de expresi\u00f3n \u201cyo he participado en muchas marchas y son pac\u00edficas son marchas donde nos expresamos con libertad para exigir y demandar que se impulsan los derechos ciudadanos\u201d.<\/p>\n\n\n\n<p>La marcha del d\u00eda de ayer fue infiltrada por un peque\u00f1o grupo que con martillos lo cual hace constar que ya ten\u00edan esa intenci\u00f3n de romper cristales de varias propiedades privadas lastimando de esta forma el patrimonio de muchas personas lo cual es inaceptable.<\/p>\n\n\n\n<p>Con lo anterior no se puede permitir que un derecho con esa importancia que es de gran relevancia para la vida pol\u00edtica del pa\u00eds se haya pervertido por un grupo violento por lo que exhorto a la sociedad aprenda a deslindarse de esas pr\u00e1cticas ya que no se pueden permitir.<\/p>\n\n\n\n<p>Se\u00f1al\u00f3 que los actos vand\u00e1licos son una falta de respeto a la familia que ven\u00eda a dar a conocer su posici\u00f3n de reclamar justicia, en una demanda sentida y leg\u00edtima que fue perjudicada y opacada ya que seg\u00fan ellos mismos reprobaron esos hechos.<\/p>\n\n\n\n<p>Dio a conocer que con los hechos vand\u00e1licos est\u00e1n provocando al gobierno al gobierno estatal pero principalmente al municipal para que los repriman con la polic\u00eda para que los golpeen, pero ellos respetan todas las manifestaciones p\u00fablicas y exigen que se respeten las mismas.<\/p>\n\n\n\n<p>No permitir\u00e1n que los grupos violentos provoquen da\u00f1os a la vida democr\u00e1tica y al patrimonio de las gentes.<\/p>\n\n\n\n<p>Inform\u00f3 que la polic\u00eda municipal es preventiva y de proximidad ayuda a prevenir delincuencia lo de ayer para ellos fue un hecho imprevisto, ya que nadie sab\u00eda que har\u00edan esos destrozos, \u201cyo no sab\u00eda que iban a sacar martillos para romper cristales\u201d.<\/p>\n\n\n\n<p>Al cuestionarlo sobre el porque no actuaron solo se limit\u00f3 a decir que no sab\u00edan que har\u00edan esos actos por lo que no estaban preparados \u00a0porque no sab\u00edan lo que har\u00edan y que como sociedad no les conviene por lo que exhort\u00f3 a la ciudadan\u00eda y a los medios a que hagan un pronunciamiento unido frente a esa violencia.<\/p>\n\n\n\n<p>Finalmente se\u00f1al\u00f3 que en momentos como este que est\u00e1 la pandemia este tipo de hechos los distrae de lo m\u00e1s esencial que es estar unidos contra las enfermedades y no \u201ccontra esta bola de provocadores\u201d, los empresarios presentar\u00e1n las denuncias y ya identificaron quienes son los que provocaron los da\u00f1os y la fiscal\u00eda va a proceder contra estas personas despu\u00e9s duele que sean denunciados, y ellos apoyar\u00e1n a las iglesias con pintar las paredes ya que es una ofensa al patrimonio de los xalape\u00f1os.<\/p>\n\n\n\n<p><\/p>\n","protected":false},"excerpt":{"rendered":"<p>Dar\u00edo Pale Xalapa, Ver.- El presidente municipal de Xalapa Hip\u00f3lito Rodr\u00edguez Herrero dio a conocer que no sab\u00edan que durante la marcha causar\u00edan destrozos por lo que no estaban preparados, no obstante ya tienen identificados a quienes hicieron estos da\u00f1os solo esperan que presenten las denuncias correspondientes. Entrevistado en las calles del centro de Xalapa [&hellip;]<\/p>\n","protected":false},"author":1,"featured_media":3211,"comment_status":"open","ping_status":"open","sticky":false,"template":"","format":"standard","meta":{"_jetpack_memberships_contains_paid_content":false,"footnotes":""},"categories":[3],"tags":[],"class_list":["post-3210","post","type-post","status-publish","format-standard","has-post-thumbnail","hentry","category-xalapa"],"jetpack_featured_media_url":"https:\/\/encuentroinformativo.com.mx\/wp-content\/uploads\/2020\/06\/6AE7D1AB-1437-4200-BDEC-536DE00FB7A0.jpeg","jetpack_sharing_enabled":true,"jetpack_likes_enabled":true,"amp_enabled":true,"_links":{"self":[{"href":"https:\/\/encuentroinformativo.com.mx\/index.php?rest_route=\/wp\/v2\/posts\/3210","targetHints":{"allow":["GET"]}}],"collection":[{"href":"https:\/\/encuentroinformativo.com.mx\/index.php?rest_route=\/wp\/v2\/posts"}],"about":[{"href":"https:\/\/encuentroinformativo.com.mx\/index.php?rest_route=\/wp\/v2\/types\/post"}],"author":[{"embeddable":true,"href":"https:\/\/encuentroinformativo.com.mx\/index.php?rest_route=\/wp\/v2\/users\/1"}],"replies":[{"embeddable":true,"href":"https:\/\/encuentroinformativo.com.mx\/index.php?rest_route=%2Fwp%2Fv2%2Fcomments&post=3210"}],"version-history":[{"count":1,"href":"https:\/\/encuentroinformativo.com.mx\/index.php?rest_route=\/wp\/v2\/posts\/3210\/revisions"}],"predecessor-version":[{"id":3212,"href":"https:\/\/encuentroinformativo.com.mx\/index.php?rest_route=\/wp\/v2\/posts\/3210\/revisions\/3212"}],"wp:featuredmedia":[{"embeddable":true,"href":"https:\/\/encuentroinformativo.com.mx\/index.php?rest_route=\/wp\/v2\/media\/3211"}],"wp:attachment":[{"href":"https:\/\/encuentroinformativo.com.mx\/index.php?rest_route=%2Fwp%2Fv2%2Fmedia&parent=3210"}],"wp:term":[{"taxonomy":"category","embeddable":true,"href":"https:\/\/encuentroinformativo.com.mx\/index.php?rest_route=%2Fwp%2Fv2%2Fcategories&post=3210"},{"taxonomy":"post_tag","embeddable":true,"href":"https:\/\/encuentroinformativo.com.mx\/index.php?rest_route=%2Fwp%2Fv2%2Ftags&post=3210"}],"curies":[{"name":"wp","href":"https:\/\/api.w.org\/{rel}","templated":true}]}}