{"id":32101,"date":"2022-09-28T12:39:30","date_gmt":"2022-09-28T17:39:30","guid":{"rendered":"https:\/\/encuentroinformativo.com.mx\/?p=32101"},"modified":"2022-09-28T12:39:35","modified_gmt":"2022-09-28T17:39:35","slug":"realizan-docentes-paro-de-labores-en-facultad-de-ingenieria-uv","status":"publish","type":"post","link":"https:\/\/encuentroinformativo.com.mx\/?p=32101","title":{"rendered":"Realizan docentes paro de labores en Facultad de Ingenier\u00eda UV"},"content":{"rendered":"\n<p><strong>Alejandro \u00c1vila<\/strong><\/p>\n\n\n\n<p>Boca del R\u00edo, Ver.- Casi 300 docentes de la Facultad de Ingenier\u00eda de la Universidad Veracruzana, realizaron este martes 28 de septiembre un paro de labores, debido a incumplimientos por parte de la m\u00e1xima casa de estudios.<\/p>\n\n\n\n<p>Arturo Petrykowski del Moral, secretario general de FESAPAUV en la secci\u00f3n Ingenier\u00eda dijo, desde hace algunas semanas notificaron a la UV, qu\u00e9 los docentes no cuentan con las condiciones adecuadas para realizar su actividad laboral acad\u00e9mica.<\/p>\n\n\n\n<p>El vocero se\u00f1al\u00f3 que, a principios del mes de agosto del presente a\u00f1o realizaron un recorrido en compa\u00f1\u00eda de las autoridades de la Universidad Veracruzana, para constatar las malas condiciones en las que se encontraba la Facultad, y darles atenci\u00f3n previo al regreso a clases presenciales el pasado 15 de agosto; sin embargo, los d\u00edas pasaron y no se tom\u00f3 ninguna acci\u00f3n resolutiva.<\/p>\n\n\n\n<p>&#8220;Instalaciones hidrosanitarias, m\u00f3dulos de ba\u00f1os que no serv\u00edan, no hab\u00eda agua, fugas o escapes de malos olores por la instalaci\u00f3n sanitaria, muchas aulas, salones, laboratorios sin climatizaci\u00f3n, y con los calores imperantes que han estado azotando, desde luego es una calamidad, en muchas \u00e1reas se detectaron falta de climas, eso derivaba en climas nuevos, independientemente de los climas que ya exist\u00edan de por si, empezaron a fallar muchos, seguramente por el desuso en el que estuvimos durante 2 a\u00f1os. El caso es que esa fecha del 15 de agosto se volvi\u00f3 a checar, se volvi\u00f3 a hacer el recorrido para tratar de atender esas deficiencias, quiero acotar con suma claridad, que el personal acad\u00e9mico en pleno y en su totalidad, respondimos a las demandas del se\u00f1or rector, cumplimos cabalmente con retornar presencialmente al cumplimiento de nuestras actividades acad\u00e9micas&#8221;, asest\u00f3.<\/p>\n\n\n\n<p>Los docentes aclararon que, este mi\u00e9rcoles 28 de septiembre realizar\u00e1n un paro de labores de 3 horas, es decir, de 10 de la ma\u00f1ana a 1 de la tarde, posterior a ello, esperan dialogar con las autoridades de la Universidad Veracruzana para llegar a un pronto arreglo; el plazo m\u00e1ximo para llegar a un arreglo es de 15 d\u00edas.<\/p>\n\n\n\n<figure class=\"wp-block-image size-large\"><img loading=\"lazy\" decoding=\"async\" width=\"1024\" height=\"768\" src=\"https:\/\/encuentroinformativo.com.mx\/wp-content\/uploads\/2022\/09\/4411DBE5-EF29-407A-ABE8-C101B375A3C5-1024x768.jpeg\" alt=\"\" class=\"wp-image-32103\" srcset=\"https:\/\/encuentroinformativo.com.mx\/wp-content\/uploads\/2022\/09\/4411DBE5-EF29-407A-ABE8-C101B375A3C5-1024x768.jpeg 1024w, https:\/\/encuentroinformativo.com.mx\/wp-content\/uploads\/2022\/09\/4411DBE5-EF29-407A-ABE8-C101B375A3C5-300x225.jpeg 300w, https:\/\/encuentroinformativo.com.mx\/wp-content\/uploads\/2022\/09\/4411DBE5-EF29-407A-ABE8-C101B375A3C5-768x576.jpeg 768w, https:\/\/encuentroinformativo.com.mx\/wp-content\/uploads\/2022\/09\/4411DBE5-EF29-407A-ABE8-C101B375A3C5-1536x1153.jpeg 1536w, https:\/\/encuentroinformativo.com.mx\/wp-content\/uploads\/2022\/09\/4411DBE5-EF29-407A-ABE8-C101B375A3C5.jpeg 1599w\" sizes=\"auto, (max-width: 1024px) 100vw, 1024px\" \/><\/figure>\n","protected":false},"excerpt":{"rendered":"<p>Alejandro \u00c1vila Boca del R\u00edo, Ver.- Casi 300 docentes de la Facultad de Ingenier\u00eda de la Universidad Veracruzana, realizaron este martes 28 de septiembre un paro de labores, debido a incumplimientos por parte de la m\u00e1xima casa de estudios. Arturo Petrykowski del Moral, secretario general de FESAPAUV en la secci\u00f3n Ingenier\u00eda dijo, desde hace algunas [&hellip;]<\/p>\n","protected":false},"author":1,"featured_media":32102,"comment_status":"open","ping_status":"open","sticky":false,"template":"","format":"standard","meta":{"_jetpack_memberships_contains_paid_content":false,"footnotes":""},"categories":[2],"tags":[],"class_list":["post-32101","post","type-post","status-publish","format-standard","has-post-thumbnail","hentry","category-estado"],"jetpack_featured_media_url":"https:\/\/encuentroinformativo.com.mx\/wp-content\/uploads\/2022\/09\/4525B829-EFE8-42F3-8362-D113821A7A26.jpeg","jetpack_sharing_enabled":true,"jetpack_likes_enabled":true,"amp_enabled":true,"_links":{"self":[{"href":"https:\/\/encuentroinformativo.com.mx\/index.php?rest_route=\/wp\/v2\/posts\/32101","targetHints":{"allow":["GET"]}}],"collection":[{"href":"https:\/\/encuentroinformativo.com.mx\/index.php?rest_route=\/wp\/v2\/posts"}],"about":[{"href":"https:\/\/encuentroinformativo.com.mx\/index.php?rest_route=\/wp\/v2\/types\/post"}],"author":[{"embeddable":true,"href":"https:\/\/encuentroinformativo.com.mx\/index.php?rest_route=\/wp\/v2\/users\/1"}],"replies":[{"embeddable":true,"href":"https:\/\/encuentroinformativo.com.mx\/index.php?rest_route=%2Fwp%2Fv2%2Fcomments&post=32101"}],"version-history":[{"count":1,"href":"https:\/\/encuentroinformativo.com.mx\/index.php?rest_route=\/wp\/v2\/posts\/32101\/revisions"}],"predecessor-version":[{"id":32104,"href":"https:\/\/encuentroinformativo.com.mx\/index.php?rest_route=\/wp\/v2\/posts\/32101\/revisions\/32104"}],"wp:featuredmedia":[{"embeddable":true,"href":"https:\/\/encuentroinformativo.com.mx\/index.php?rest_route=\/wp\/v2\/media\/32102"}],"wp:attachment":[{"href":"https:\/\/encuentroinformativo.com.mx\/index.php?rest_route=%2Fwp%2Fv2%2Fmedia&parent=32101"}],"wp:term":[{"taxonomy":"category","embeddable":true,"href":"https:\/\/encuentroinformativo.com.mx\/index.php?rest_route=%2Fwp%2Fv2%2Fcategories&post=32101"},{"taxonomy":"post_tag","embeddable":true,"href":"https:\/\/encuentroinformativo.com.mx\/index.php?rest_route=%2Fwp%2Fv2%2Ftags&post=32101"}],"curies":[{"name":"wp","href":"https:\/\/api.w.org\/{rel}","templated":true}]}}