{"id":32110,"date":"2022-09-28T13:44:47","date_gmt":"2022-09-28T18:44:47","guid":{"rendered":"https:\/\/encuentroinformativo.com.mx\/?p=32110"},"modified":"2022-09-28T13:44:51","modified_gmt":"2022-09-28T18:44:51","slug":"se-mantienen-pendientes-en-despenalizacion-del-aborto-remufever","status":"publish","type":"post","link":"https:\/\/encuentroinformativo.com.mx\/?p=32110","title":{"rendered":"Se mantienen pendientes en despenalizaci\u00f3n del aborto: REMUFEVER"},"content":{"rendered":"\n<p><strong>Alejandro \u00c1vila<\/strong><\/p>\n\n\n\n<p>Veracruz, Ver.- En el marco del D\u00eda de la Despenalizaci\u00f3n del Aborto en Am\u00e9rica Latina y el Caribe, la Red de Mujeres Feministas de Veracruz celebr\u00f3 que Veracruz se aparte de los cuatro estados que reformaron su legislatura; sin embargo, aseguraron que a\u00fan quedan aspectos pendientes.<\/p>\n\n\n\n<p>Es de recordar que julio del 2021 en el Congreso Local se modificaron los art\u00edculos 149, 150, 151, 153 y 154, del C\u00f3digo Penal del Estado de Veracruz, con lo cual se logr\u00f3 despenalizar el aborto hasta la semana 12 de embarazo.<\/p>\n\n\n\n<p>La REMUFEVER dijo que a un a\u00f1o y dos meses de este logr\u00f3 a\u00fan quedan varios aspectos pendientes, tales como:&nbsp;<\/p>\n\n\n\n<p>Abasto de medicamento (mifepristona y misoprostol) en todos los hospitales de la entidad veracruzana; que exista personal m\u00e9dico no objetor de conciencia, priorizando la atenci\u00f3n de las mujeres sin esperan ni demora; que todas las instancias de salud atiendan sin distinci\u00f3n a las derechohabientes o no derechohabientes, que busquen una interrupci\u00f3n legal del embarazo; evitar negativas de interrupci\u00f3n legal del embarazo por parte de instancias federales, sobre todo en los 4 Estados que aprobaron su legalizaci\u00f3n; generar programas para desestigmatizar el aborto en la sociedad veracruzana, y reflexionar sobre el tema, con base en la justicia social, autonom\u00eda reproductiva y defensa de derechos a la igualdad y la no discriminaci\u00f3n.<\/p>\n\n\n\n<p>REMUFEVER reconocido que, las mujeres con mayor poder adquisitivo pueden atenderse en cl\u00ednicas privadas con ambientes propicios; sin embargo, recordaron que hay que poner atenci\u00f3n en las personas de escasos recursos, pues es ah\u00ed donde se presenta un aumento en la tasa de mortalidad el practicar un aborto.<\/p>\n\n\n\n<p>Es por ello que solicitaron al Gobierno del Estado, a trav\u00e9s de la Secretar\u00eda de Salud de Veracruz, garantice a las mujeres el aborto legal y seguro.<\/p>\n\n\n\n<p>Este mi\u00e9rcoles integrantes de Colectivos Feministas colocaron pa\u00f1uelos verdes en la Antimonumenta ubicada en la Plaza de la Soberan\u00eda en Veracruz; adem\u00e1s del puente de La Amistad y puente de La Boticaria, en el municipio de Boca del R\u00edo.<\/p>\n","protected":false},"excerpt":{"rendered":"<p>Alejandro \u00c1vila Veracruz, Ver.- En el marco del D\u00eda de la Despenalizaci\u00f3n del Aborto en Am\u00e9rica Latina y el Caribe, la Red de Mujeres Feministas de Veracruz celebr\u00f3 que Veracruz se aparte de los cuatro estados que reformaron su legislatura; sin embargo, aseguraron que a\u00fan quedan aspectos pendientes. Es de recordar que julio del 2021 [&hellip;]<\/p>\n","protected":false},"author":1,"featured_media":32111,"comment_status":"open","ping_status":"open","sticky":false,"template":"","format":"standard","meta":{"_jetpack_memberships_contains_paid_content":false,"footnotes":""},"categories":[2],"tags":[],"class_list":["post-32110","post","type-post","status-publish","format-standard","has-post-thumbnail","hentry","category-estado"],"jetpack_featured_media_url":"https:\/\/encuentroinformativo.com.mx\/wp-content\/uploads\/2022\/09\/57ED9235-0E51-465B-85E9-F85AEA6D8F76.jpeg","jetpack_sharing_enabled":true,"jetpack_likes_enabled":true,"amp_enabled":true,"_links":{"self":[{"href":"https:\/\/encuentroinformativo.com.mx\/index.php?rest_route=\/wp\/v2\/posts\/32110","targetHints":{"allow":["GET"]}}],"collection":[{"href":"https:\/\/encuentroinformativo.com.mx\/index.php?rest_route=\/wp\/v2\/posts"}],"about":[{"href":"https:\/\/encuentroinformativo.com.mx\/index.php?rest_route=\/wp\/v2\/types\/post"}],"author":[{"embeddable":true,"href":"https:\/\/encuentroinformativo.com.mx\/index.php?rest_route=\/wp\/v2\/users\/1"}],"replies":[{"embeddable":true,"href":"https:\/\/encuentroinformativo.com.mx\/index.php?rest_route=%2Fwp%2Fv2%2Fcomments&post=32110"}],"version-history":[{"count":1,"href":"https:\/\/encuentroinformativo.com.mx\/index.php?rest_route=\/wp\/v2\/posts\/32110\/revisions"}],"predecessor-version":[{"id":32112,"href":"https:\/\/encuentroinformativo.com.mx\/index.php?rest_route=\/wp\/v2\/posts\/32110\/revisions\/32112"}],"wp:featuredmedia":[{"embeddable":true,"href":"https:\/\/encuentroinformativo.com.mx\/index.php?rest_route=\/wp\/v2\/media\/32111"}],"wp:attachment":[{"href":"https:\/\/encuentroinformativo.com.mx\/index.php?rest_route=%2Fwp%2Fv2%2Fmedia&parent=32110"}],"wp:term":[{"taxonomy":"category","embeddable":true,"href":"https:\/\/encuentroinformativo.com.mx\/index.php?rest_route=%2Fwp%2Fv2%2Fcategories&post=32110"},{"taxonomy":"post_tag","embeddable":true,"href":"https:\/\/encuentroinformativo.com.mx\/index.php?rest_route=%2Fwp%2Fv2%2Ftags&post=32110"}],"curies":[{"name":"wp","href":"https:\/\/api.w.org\/{rel}","templated":true}]}}