{"id":32113,"date":"2022-09-28T14:39:18","date_gmt":"2022-09-28T19:39:18","guid":{"rendered":"https:\/\/encuentroinformativo.com.mx\/?p=32113"},"modified":"2022-09-28T14:39:23","modified_gmt":"2022-09-28T19:39:23","slug":"zonas-marginadas-no-cuentan-con-servicios-basicos-acusan","status":"publish","type":"post","link":"https:\/\/encuentroinformativo.com.mx\/?p=32113","title":{"rendered":"Zonas marginadas no cuentan con servicios b\u00e1sicos, acusan"},"content":{"rendered":"\n<p><strong>Juan Arcos<\/strong><\/p>\n\n\n\n<p>Xalapa, Ver.- La Asociaci\u00f3n Internacional de Derechos Humanos ha recibido quejas por la falta de servicios b\u00e1sicos en comunidades de las distintas regiones del estado de Veracruz.<\/p>\n\n\n\n<p>De acuerdo con Elofanes Bellin M\u00e1laga, presidente de la organizaci\u00f3n civil, en la entidad hay zonas muy marginadas que han sido desatendidas por los gobiernos.<\/p>\n\n\n\n<p>El entrevistado detall\u00f3 que hay lugares sin agua potable, energ\u00eda el\u00e9ctrica o servicios de salud y seguridad, sobre todo en comunidades alejadas de las zonas urbanas.<\/p>\n\n\n\n<p>\u201cSe acercan a nosotros y tambi\u00e9n nosotros nos acercamos a ellos, para tratar de ayudar, de tocar puertas al gobierno\u201d, indic\u00f3.<\/p>\n\n\n\n<p>A\u00f1adi\u00f3 que es complicado calcular la cifra de personas que carecen de servicios b\u00e1sicos en la entidad veracruzana.<\/p>\n\n\n\n<p>\u201cEs algo que pasa, los gobiernos no ven la realidad, por eso estamos haciendo esta asociaci\u00f3n\u201d, expres\u00f3.<\/p>\n\n\n\n<p>Cabe recordar que hace unas semanas l\u00edderes ind\u00edgenas del municipio de Uxpanapa, ubicado al sur de Veracruz, han dado a conocer que sus comunidades est\u00e1n olvidadas y que presentan diversas carencias.<\/p>\n\n\n\n<p>Sin embargo, lo mismo ocurre en localidades de las zonas centro y norte de la entidad.<\/p>\n","protected":false},"excerpt":{"rendered":"<p>Juan Arcos Xalapa, Ver.- La Asociaci\u00f3n Internacional de Derechos Humanos ha recibido quejas por la falta de servicios b\u00e1sicos en comunidades de las distintas regiones del estado de Veracruz. De acuerdo con Elofanes Bellin M\u00e1laga, presidente de la organizaci\u00f3n civil, en la entidad hay zonas muy marginadas que han sido desatendidas por los gobiernos. El [&hellip;]<\/p>\n","protected":false},"author":1,"featured_media":32114,"comment_status":"open","ping_status":"open","sticky":false,"template":"","format":"standard","meta":{"_jetpack_memberships_contains_paid_content":false,"footnotes":""},"categories":[2],"tags":[],"class_list":["post-32113","post","type-post","status-publish","format-standard","has-post-thumbnail","hentry","category-estado"],"jetpack_featured_media_url":"https:\/\/encuentroinformativo.com.mx\/wp-content\/uploads\/2022\/09\/8EE37A71-A0E5-43FB-885F-156F9DA86806.jpeg","jetpack_sharing_enabled":true,"jetpack_likes_enabled":true,"amp_enabled":true,"_links":{"self":[{"href":"https:\/\/encuentroinformativo.com.mx\/index.php?rest_route=\/wp\/v2\/posts\/32113","targetHints":{"allow":["GET"]}}],"collection":[{"href":"https:\/\/encuentroinformativo.com.mx\/index.php?rest_route=\/wp\/v2\/posts"}],"about":[{"href":"https:\/\/encuentroinformativo.com.mx\/index.php?rest_route=\/wp\/v2\/types\/post"}],"author":[{"embeddable":true,"href":"https:\/\/encuentroinformativo.com.mx\/index.php?rest_route=\/wp\/v2\/users\/1"}],"replies":[{"embeddable":true,"href":"https:\/\/encuentroinformativo.com.mx\/index.php?rest_route=%2Fwp%2Fv2%2Fcomments&post=32113"}],"version-history":[{"count":1,"href":"https:\/\/encuentroinformativo.com.mx\/index.php?rest_route=\/wp\/v2\/posts\/32113\/revisions"}],"predecessor-version":[{"id":32115,"href":"https:\/\/encuentroinformativo.com.mx\/index.php?rest_route=\/wp\/v2\/posts\/32113\/revisions\/32115"}],"wp:featuredmedia":[{"embeddable":true,"href":"https:\/\/encuentroinformativo.com.mx\/index.php?rest_route=\/wp\/v2\/media\/32114"}],"wp:attachment":[{"href":"https:\/\/encuentroinformativo.com.mx\/index.php?rest_route=%2Fwp%2Fv2%2Fmedia&parent=32113"}],"wp:term":[{"taxonomy":"category","embeddable":true,"href":"https:\/\/encuentroinformativo.com.mx\/index.php?rest_route=%2Fwp%2Fv2%2Fcategories&post=32113"},{"taxonomy":"post_tag","embeddable":true,"href":"https:\/\/encuentroinformativo.com.mx\/index.php?rest_route=%2Fwp%2Fv2%2Ftags&post=32113"}],"curies":[{"name":"wp","href":"https:\/\/api.w.org\/{rel}","templated":true}]}}