{"id":32116,"date":"2022-09-28T15:19:37","date_gmt":"2022-09-28T20:19:37","guid":{"rendered":"https:\/\/encuentroinformativo.com.mx\/?p=32116"},"modified":"2022-09-28T15:19:41","modified_gmt":"2022-09-28T20:19:41","slug":"preven-empresarios-panorama-dificil-para-pago-de-aguinaldos","status":"publish","type":"post","link":"https:\/\/encuentroinformativo.com.mx\/?p=32116","title":{"rendered":"Prev\u00e9n empresarios \u2018panorama dif\u00edcil\u2019 para pago de aguinaldos"},"content":{"rendered":"\n<p><strong>Juan Arcos<\/strong><\/p>\n\n\n\n<p>Xalapa, Ver.- Los empresarios de Veracruz vislumbran un panorama complicado para el pago del aguinaldo y las prestaciones correspondientes al mes de diciembre.<\/p>\n\n\n\n<p>De acuerdo con Fernando Arana Watty, presidente del Consejo Metropolitano Empresarial (CME), hay preocupaci\u00f3n al respecto, debido a que a\u00fan no existe la recuperaci\u00f3n econ\u00f3mica que se esperaba.<\/p>\n\n\n\n<p>\u201cEstamos muy preocupados por el pago del aguinaldo, faltan tres meses para acabar el a\u00f1o pero ya desde ahorita nos empezamos a preocupar por cumplir, porque es un derecho que tienen los trabajadores que est\u00e1n sufriendo todo el a\u00f1o por bajos sueldos\u201d, expres\u00f3.<\/p>\n\n\n\n<p>El entrevistado destac\u00f3 que fueron muy graves las afectaciones por la pandemia del Sars-Cov2 (Covid-19) y muchos empresarios a\u00fan padecen los estragos.<\/p>\n\n\n\n<p>Aunado a lo anterior, ha habido afectaciones por la inflaci\u00f3n, pues ha sido notorio el incremento en los precios de la canasta b\u00e1sica.<\/p>\n\n\n\n<p>\u201cLos precios de los productos agropecuarios principalmente, se han ido muy arriba, hemos visto que la gente llega a hacer sus compras y acaba regresando poco de la mercanc\u00eda que lleva\u201d, expres\u00f3.<\/p>\n\n\n\n<p>Record\u00f3 que el aguinaldo es un derecho de los trabajadores, quienes han padecido la situaci\u00f3n por bajos sueldos y el repunte de precios.<\/p>\n\n\n\n<p>\u201cComo empresarios quisi\u00e9ramos tener la disponibilidad econ\u00f3mica para pagar mejores sueldos porque la gente que labora con nosotros, la mayor\u00eda de lo merecen\u201d, enfatiz\u00f3.<\/p>\n","protected":false},"excerpt":{"rendered":"<p>Juan Arcos Xalapa, Ver.- Los empresarios de Veracruz vislumbran un panorama complicado para el pago del aguinaldo y las prestaciones correspondientes al mes de diciembre. De acuerdo con Fernando Arana Watty, presidente del Consejo Metropolitano Empresarial (CME), hay preocupaci\u00f3n al respecto, debido a que a\u00fan no existe la recuperaci\u00f3n econ\u00f3mica que se esperaba. \u201cEstamos muy [&hellip;]<\/p>\n","protected":false},"author":1,"featured_media":32117,"comment_status":"open","ping_status":"open","sticky":false,"template":"","format":"standard","meta":{"_jetpack_memberships_contains_paid_content":false,"footnotes":""},"categories":[3],"tags":[],"class_list":["post-32116","post","type-post","status-publish","format-standard","has-post-thumbnail","hentry","category-xalapa"],"jetpack_featured_media_url":"https:\/\/encuentroinformativo.com.mx\/wp-content\/uploads\/2022\/09\/827D07C2-8130-49C3-89F4-846567B98CF4.jpeg","jetpack_sharing_enabled":true,"jetpack_likes_enabled":true,"amp_enabled":true,"_links":{"self":[{"href":"https:\/\/encuentroinformativo.com.mx\/index.php?rest_route=\/wp\/v2\/posts\/32116","targetHints":{"allow":["GET"]}}],"collection":[{"href":"https:\/\/encuentroinformativo.com.mx\/index.php?rest_route=\/wp\/v2\/posts"}],"about":[{"href":"https:\/\/encuentroinformativo.com.mx\/index.php?rest_route=\/wp\/v2\/types\/post"}],"author":[{"embeddable":true,"href":"https:\/\/encuentroinformativo.com.mx\/index.php?rest_route=\/wp\/v2\/users\/1"}],"replies":[{"embeddable":true,"href":"https:\/\/encuentroinformativo.com.mx\/index.php?rest_route=%2Fwp%2Fv2%2Fcomments&post=32116"}],"version-history":[{"count":1,"href":"https:\/\/encuentroinformativo.com.mx\/index.php?rest_route=\/wp\/v2\/posts\/32116\/revisions"}],"predecessor-version":[{"id":32118,"href":"https:\/\/encuentroinformativo.com.mx\/index.php?rest_route=\/wp\/v2\/posts\/32116\/revisions\/32118"}],"wp:featuredmedia":[{"embeddable":true,"href":"https:\/\/encuentroinformativo.com.mx\/index.php?rest_route=\/wp\/v2\/media\/32117"}],"wp:attachment":[{"href":"https:\/\/encuentroinformativo.com.mx\/index.php?rest_route=%2Fwp%2Fv2%2Fmedia&parent=32116"}],"wp:term":[{"taxonomy":"category","embeddable":true,"href":"https:\/\/encuentroinformativo.com.mx\/index.php?rest_route=%2Fwp%2Fv2%2Fcategories&post=32116"},{"taxonomy":"post_tag","embeddable":true,"href":"https:\/\/encuentroinformativo.com.mx\/index.php?rest_route=%2Fwp%2Fv2%2Ftags&post=32116"}],"curies":[{"name":"wp","href":"https:\/\/api.w.org\/{rel}","templated":true}]}}