{"id":32119,"date":"2022-09-28T15:43:28","date_gmt":"2022-09-28T20:43:28","guid":{"rendered":"https:\/\/encuentroinformativo.com.mx\/?p=32119"},"modified":"2022-09-28T15:43:32","modified_gmt":"2022-09-28T20:43:32","slug":"tras-desalojo-amagan-comerciantes-con-movilizaciones","status":"publish","type":"post","link":"https:\/\/encuentroinformativo.com.mx\/?p=32119","title":{"rendered":"Tras desalojo, amagan comerciantes con movilizaciones"},"content":{"rendered":"\n<p><strong>Juan Arcos <\/strong><\/p>\n\n\n\n<p>Coatepec, Ver.- Comerciantes del parque Miguel Hidalgo de Coatepec iniciar\u00e1n una serie de manifestaciones tras el desalojo violento que sufrieron el pasado lunes 26 de septiembre.<\/p>\n\n\n\n<p>Se trata de integrantes de la organizaci\u00f3n Antorcha Campesina, quienes exigieron justicia por la agresi\u00f3n que ejercieron los polic\u00edas municipales en su contra.<\/p>\n\n\n\n<p>De acuerdo con Jos\u00e9 Luis M\u00e9ndez Cardoso, representante de Antorcha Campesina y responsable de los vendedores de Coatepec, dos comerciantes fueron detenidos, pero tambi\u00e9n fueron agredidas mujeres y ni\u00f1os.<\/p>\n\n\n\n<p>El entrevistado reprob\u00f3 la manera de actuar por parte de los elementos de la Polic\u00eda Municipal.<\/p>\n\n\n\n<p>Tambi\u00e9n reprobaron la falta de atenci\u00f3n por parte del alcalde morenista de Coatepec, Raymundo Andrade Rivera.<\/p>\n\n\n\n<p>\u201cQuisimos instalarnos en el parque a vender nuestros productos porque tenemos nuestros permisos al corriente y en regla\u201d, mencion\u00f3.<\/p>\n\n\n\n<p>Indic\u00f3 que el personal de la Direcci\u00f3n de Comercio y el alcalde ejercieron la fuerza p\u00fablica para intimidarlos, golpearlos y encarcelarlos.<\/p>\n\n\n\n<p>Jos\u00e9 Luis M\u00e9ndez record\u00f3 que los comerciantes antorchistas no han podido instalarse en el parque desde febrero pasado.<\/p>\n\n\n\n<p>Tambi\u00e9n mencion\u00f3 que los dos detenidos fueron liberados despu\u00e9s de unas horas, pero la problem\u00e1tica persiste en el Pueblo M\u00e1gico.<\/p>\n","protected":false},"excerpt":{"rendered":"<p>Juan Arcos Coatepec, Ver.- Comerciantes del parque Miguel Hidalgo de Coatepec iniciar\u00e1n una serie de manifestaciones tras el desalojo violento que sufrieron el pasado lunes 26 de septiembre. Se trata de integrantes de la organizaci\u00f3n Antorcha Campesina, quienes exigieron justicia por la agresi\u00f3n que ejercieron los polic\u00edas municipales en su contra. De acuerdo con Jos\u00e9 [&hellip;]<\/p>\n","protected":false},"author":1,"featured_media":32120,"comment_status":"open","ping_status":"open","sticky":false,"template":"","format":"standard","meta":{"_jetpack_memberships_contains_paid_content":false,"footnotes":""},"categories":[8],"tags":[],"class_list":["post-32119","post","type-post","status-publish","format-standard","has-post-thumbnail","hentry","category-region"],"jetpack_featured_media_url":"https:\/\/encuentroinformativo.com.mx\/wp-content\/uploads\/2022\/09\/2A11F1DF-69C4-434D-A938-D2EAD7A5B0C1.jpeg","jetpack_sharing_enabled":true,"jetpack_likes_enabled":true,"amp_enabled":true,"_links":{"self":[{"href":"https:\/\/encuentroinformativo.com.mx\/index.php?rest_route=\/wp\/v2\/posts\/32119","targetHints":{"allow":["GET"]}}],"collection":[{"href":"https:\/\/encuentroinformativo.com.mx\/index.php?rest_route=\/wp\/v2\/posts"}],"about":[{"href":"https:\/\/encuentroinformativo.com.mx\/index.php?rest_route=\/wp\/v2\/types\/post"}],"author":[{"embeddable":true,"href":"https:\/\/encuentroinformativo.com.mx\/index.php?rest_route=\/wp\/v2\/users\/1"}],"replies":[{"embeddable":true,"href":"https:\/\/encuentroinformativo.com.mx\/index.php?rest_route=%2Fwp%2Fv2%2Fcomments&post=32119"}],"version-history":[{"count":1,"href":"https:\/\/encuentroinformativo.com.mx\/index.php?rest_route=\/wp\/v2\/posts\/32119\/revisions"}],"predecessor-version":[{"id":32121,"href":"https:\/\/encuentroinformativo.com.mx\/index.php?rest_route=\/wp\/v2\/posts\/32119\/revisions\/32121"}],"wp:featuredmedia":[{"embeddable":true,"href":"https:\/\/encuentroinformativo.com.mx\/index.php?rest_route=\/wp\/v2\/media\/32120"}],"wp:attachment":[{"href":"https:\/\/encuentroinformativo.com.mx\/index.php?rest_route=%2Fwp%2Fv2%2Fmedia&parent=32119"}],"wp:term":[{"taxonomy":"category","embeddable":true,"href":"https:\/\/encuentroinformativo.com.mx\/index.php?rest_route=%2Fwp%2Fv2%2Fcategories&post=32119"},{"taxonomy":"post_tag","embeddable":true,"href":"https:\/\/encuentroinformativo.com.mx\/index.php?rest_route=%2Fwp%2Fv2%2Ftags&post=32119"}],"curies":[{"name":"wp","href":"https:\/\/api.w.org\/{rel}","templated":true}]}}