{"id":32122,"date":"2022-09-28T17:57:52","date_gmt":"2022-09-28T22:57:52","guid":{"rendered":"https:\/\/encuentroinformativo.com.mx\/?p=32122"},"modified":"2022-09-28T17:57:56","modified_gmt":"2022-09-28T22:57:56","slug":"solicitan-declaratoria-de-desastre-para-32-municipios-afectados-por-lluvias","status":"publish","type":"post","link":"https:\/\/encuentroinformativo.com.mx\/?p=32122","title":{"rendered":"Solicitan declaratoria de desastre para 32 municipios afectados por lluvias"},"content":{"rendered":"\n<p><strong>Dar\u00edo Pale <\/strong><\/p>\n\n\n\n<p>Xalapa, Ver.- Gobierno del estado solicit\u00f3 la declaratoria de desastre para 32 municipios afectados por las lluvias, esta es la segunda declaratoria, pues primero se pidi\u00f3 la de emergencia y ahora se trabaj\u00f3 para solicitar la de desastre, con la finalidad de atender las afectaciones de infraestructura que se registr\u00f3 por las precipitaciones.<\/p>\n\n\n\n<p>En entrevista el Gobernador del estado, Cuitl\u00e1huac Garc\u00eda Jim\u00e9nez, explic\u00f3 que, &#8220;voy aprovechar que voy a M\u00e9xico para platicar con la Secretaria Nacional de Protecci\u00f3n civil al respecto, pero hoy mismo que platiqu\u00e9 con ella y hay toda la disposici\u00f3n de que si se den\u201d.<\/p>\n\n\n\n<p>Los municipios afectados y por los que se solicit\u00f3 la declaratoria de desastre son: Acayucan, Acula, Alvarado, Amatitl\u00e1n, Atzalan, Boca del R\u00edo, Carlos A. Carrillo, Chacaltianguis, Cosamaloapan, Coscomatepec, Cotaxtla, Cosoleacaque, Filomeno Mata, Hidalgotitl\u00e1n, Ignacio de la Llave, Jaltipan, Jes\u00fas Carranza, Jos\u00e9 Azueta, Los Reyes, Medell\u00edn, Minatitl\u00e1n, Playa Vicente, Salta Barranca, Santiago Tuxtla, Tequila, Texhuacan, Tixtepec, Tlacojalpan, Tlacotalpan, Tlalixcoyan, Uxpanapa y Zongolica.<\/p>\n\n\n\n<p>Finalmente se\u00f1al\u00f3 que la lista de declaratoria de emergencia es m\u00e1s chica, mientras tanto ya se trabaja en esos lugares con el apoyo del DIF.<\/p>\n","protected":false},"excerpt":{"rendered":"<p>Dar\u00edo Pale Xalapa, Ver.- Gobierno del estado solicit\u00f3 la declaratoria de desastre para 32 municipios afectados por las lluvias, esta es la segunda declaratoria, pues primero se pidi\u00f3 la de emergencia y ahora se trabaj\u00f3 para solicitar la de desastre, con la finalidad de atender las afectaciones de infraestructura que se registr\u00f3 por las precipitaciones. [&hellip;]<\/p>\n","protected":false},"author":1,"featured_media":32123,"comment_status":"open","ping_status":"open","sticky":false,"template":"","format":"standard","meta":{"_jetpack_memberships_contains_paid_content":false,"footnotes":""},"categories":[2],"tags":[],"class_list":["post-32122","post","type-post","status-publish","format-standard","has-post-thumbnail","hentry","category-estado"],"jetpack_featured_media_url":"https:\/\/encuentroinformativo.com.mx\/wp-content\/uploads\/2022\/09\/AE41BD18-382F-4B99-9566-56DAA08EAB03.jpeg","jetpack_sharing_enabled":true,"jetpack_likes_enabled":true,"amp_enabled":true,"_links":{"self":[{"href":"https:\/\/encuentroinformativo.com.mx\/index.php?rest_route=\/wp\/v2\/posts\/32122","targetHints":{"allow":["GET"]}}],"collection":[{"href":"https:\/\/encuentroinformativo.com.mx\/index.php?rest_route=\/wp\/v2\/posts"}],"about":[{"href":"https:\/\/encuentroinformativo.com.mx\/index.php?rest_route=\/wp\/v2\/types\/post"}],"author":[{"embeddable":true,"href":"https:\/\/encuentroinformativo.com.mx\/index.php?rest_route=\/wp\/v2\/users\/1"}],"replies":[{"embeddable":true,"href":"https:\/\/encuentroinformativo.com.mx\/index.php?rest_route=%2Fwp%2Fv2%2Fcomments&post=32122"}],"version-history":[{"count":1,"href":"https:\/\/encuentroinformativo.com.mx\/index.php?rest_route=\/wp\/v2\/posts\/32122\/revisions"}],"predecessor-version":[{"id":32124,"href":"https:\/\/encuentroinformativo.com.mx\/index.php?rest_route=\/wp\/v2\/posts\/32122\/revisions\/32124"}],"wp:featuredmedia":[{"embeddable":true,"href":"https:\/\/encuentroinformativo.com.mx\/index.php?rest_route=\/wp\/v2\/media\/32123"}],"wp:attachment":[{"href":"https:\/\/encuentroinformativo.com.mx\/index.php?rest_route=%2Fwp%2Fv2%2Fmedia&parent=32122"}],"wp:term":[{"taxonomy":"category","embeddable":true,"href":"https:\/\/encuentroinformativo.com.mx\/index.php?rest_route=%2Fwp%2Fv2%2Fcategories&post=32122"},{"taxonomy":"post_tag","embeddable":true,"href":"https:\/\/encuentroinformativo.com.mx\/index.php?rest_route=%2Fwp%2Fv2%2Ftags&post=32122"}],"curies":[{"name":"wp","href":"https:\/\/api.w.org\/{rel}","templated":true}]}}