{"id":3213,"date":"2020-06-09T17:01:27","date_gmt":"2020-06-09T22:01:27","guid":{"rendered":"https:\/\/encuentroinformativo.com\/?p=3213"},"modified":"2020-06-09T17:01:30","modified_gmt":"2020-06-09T22:01:30","slug":"cuantifica-canaco-danos-a-comercios-por-10-mdp","status":"publish","type":"post","link":"https:\/\/encuentroinformativo.com.mx\/?p=3213","title":{"rendered":"Cuantifica CANACO da\u00f1os a comercios por 10 mdp"},"content":{"rendered":"\n<p><strong>Juan Arcos <\/strong><\/p>\n\n\n\n<p>Xalapa, Ver.- Da\u00f1os por m\u00e1s de 10 millones de pesos se cuantificaron en comercios establecidos que fueron violentados por feministas y anarquistas en la manifestaci\u00f3n del pasado lunes.<\/p>\n\n\n\n<p>As\u00ed lo dio a conocer el presidente de la C\u00e1mara Nacional de Comercio (Canaco) en Xalapa, Bernardo Mart\u00ednez R\u00edos, quien adem\u00e1s detall\u00f3 que los manifestantes rompieron vidrios, hicieron pintas en las fachadas, da\u00f1os al mobiliario de algunos comercios y a cajeros autom\u00e1ticos.<\/p>\n\n\n\n<p>\u201cPara nosotros fue una barbarie, nuestra postura desde un principio fue muy clara. Nosotros por ning\u00fan motivo vamos a tolerar este tipo de actos en donde lo que vimos ayer pr\u00e1cticamente fue un grupo de v\u00e1ndalos, caminando por las calles, causando destrozos\u201d.<\/p>\n\n\n\n<p>El entrevistado indic\u00f3 que los empresarios presentar\u00edan la denuncia correspondiente en la Fiscal\u00eda General del Estado (FGE) para el inicio de las investigaciones contra quienes destrozaron las fachadas de los locales comerciales.<\/p>\n\n\n\n<p>Adem\u00e1s, exigi\u00f3 al gobierno estatal y municipal que se preserve el estado de derecho, el orden, la paz y el respeto por el patrimonio de nuestra capital.<\/p>\n\n\n\n<p>\u201cLo que pedimos es que no se toleren este tipo de cosas, lo que vimos ayer (lunes) fue un acto tolerado, un acto donde se les dej\u00f3 hacer, la fuerza p\u00fablica brill\u00f3 por su ausencia\u201d.<\/p>\n\n\n\n<p>Sobre el hecho de que el gobierno estatal no interpondr\u00e1 denuncia por da\u00f1os al Palacio de Gobierno y la torre de la Secretar\u00eda de Seguridad P\u00fablica (SSP), Bernardo Mart\u00ednez pidi\u00f3 que se proceda legalmente tambi\u00e9n por esos hechos.<\/p>\n\n\n\n<p>\u201cPorque son bienes p\u00fablicos, son de los veracruzanos y los da\u00f1os que se causan son para todos. Tenemos que ser conscientes y si no vamos a tolera esto y esto est\u00e1 en contra de la paz, el orden y la convivencia, los da\u00f1os se tienen que cubrir para todos\u201d, a\u00f1adi\u00f3.<\/p>\n\n\n\n<p><\/p>\n","protected":false},"excerpt":{"rendered":"<p>Juan Arcos Xalapa, Ver.- Da\u00f1os por m\u00e1s de 10 millones de pesos se cuantificaron en comercios establecidos que fueron violentados por feministas y anarquistas en la manifestaci\u00f3n del pasado lunes. As\u00ed lo dio a conocer el presidente de la C\u00e1mara Nacional de Comercio (Canaco) en Xalapa, Bernardo Mart\u00ednez R\u00edos, quien adem\u00e1s detall\u00f3 que los manifestantes [&hellip;]<\/p>\n","protected":false},"author":1,"featured_media":3214,"comment_status":"open","ping_status":"open","sticky":false,"template":"","format":"standard","meta":{"_jetpack_memberships_contains_paid_content":false,"footnotes":""},"categories":[3],"tags":[],"class_list":["post-3213","post","type-post","status-publish","format-standard","has-post-thumbnail","hentry","category-xalapa"],"jetpack_featured_media_url":"https:\/\/encuentroinformativo.com.mx\/wp-content\/uploads\/2020\/06\/3A962E3A-D74A-44E1-8A68-463FF68912E4.jpeg","jetpack_sharing_enabled":true,"jetpack_likes_enabled":true,"amp_enabled":true,"_links":{"self":[{"href":"https:\/\/encuentroinformativo.com.mx\/index.php?rest_route=\/wp\/v2\/posts\/3213","targetHints":{"allow":["GET"]}}],"collection":[{"href":"https:\/\/encuentroinformativo.com.mx\/index.php?rest_route=\/wp\/v2\/posts"}],"about":[{"href":"https:\/\/encuentroinformativo.com.mx\/index.php?rest_route=\/wp\/v2\/types\/post"}],"author":[{"embeddable":true,"href":"https:\/\/encuentroinformativo.com.mx\/index.php?rest_route=\/wp\/v2\/users\/1"}],"replies":[{"embeddable":true,"href":"https:\/\/encuentroinformativo.com.mx\/index.php?rest_route=%2Fwp%2Fv2%2Fcomments&post=3213"}],"version-history":[{"count":1,"href":"https:\/\/encuentroinformativo.com.mx\/index.php?rest_route=\/wp\/v2\/posts\/3213\/revisions"}],"predecessor-version":[{"id":3215,"href":"https:\/\/encuentroinformativo.com.mx\/index.php?rest_route=\/wp\/v2\/posts\/3213\/revisions\/3215"}],"wp:featuredmedia":[{"embeddable":true,"href":"https:\/\/encuentroinformativo.com.mx\/index.php?rest_route=\/wp\/v2\/media\/3214"}],"wp:attachment":[{"href":"https:\/\/encuentroinformativo.com.mx\/index.php?rest_route=%2Fwp%2Fv2%2Fmedia&parent=3213"}],"wp:term":[{"taxonomy":"category","embeddable":true,"href":"https:\/\/encuentroinformativo.com.mx\/index.php?rest_route=%2Fwp%2Fv2%2Fcategories&post=3213"},{"taxonomy":"post_tag","embeddable":true,"href":"https:\/\/encuentroinformativo.com.mx\/index.php?rest_route=%2Fwp%2Fv2%2Ftags&post=3213"}],"curies":[{"name":"wp","href":"https:\/\/api.w.org\/{rel}","templated":true}]}}