{"id":32134,"date":"2022-09-29T09:53:31","date_gmt":"2022-09-29T14:53:31","guid":{"rendered":"https:\/\/encuentroinformativo.com.mx\/?p=32134"},"modified":"2022-09-29T09:53:36","modified_gmt":"2022-09-29T14:53:36","slug":"de-olvidos-cosas-raras-y-coincidencias-en-el-orfis-de-veracruz","status":"publish","type":"post","link":"https:\/\/encuentroinformativo.com.mx\/?p=32134","title":{"rendered":"DE OLVIDOS, COSAS RARAS Y COINCIDENCIAS EN EL ORFIS DE VERACRUZ"},"content":{"rendered":"\n<p><strong>ColumnaSinNombre<br>@pablojair<\/strong><\/p>\n\n\n\n<ul class=\"wp-block-list\"><li>Fernandito con T\u00edo Pepe en San Juli\u00e1n.<\/li><li>Falleci\u00f3 Don Miguel L\u00f3pez Azuara.<\/li><li>Deuda seguir\u00e1 bajando: Lima Franco<\/li><\/ul>\n\n\n\n<p>Too much television watchin&#8217; got me chasin&#8217; dreams<br>&#8211;Coolio<\/p>\n\n\n\n<p>A cuatro a\u00f1os de iniciada la Cuarta Transformeishion en Veracruz, pareciera que de plano no hay avances en denuncias que se supone se ten\u00edan contra actores pol\u00edticos del bienio pasad \u2014encabezados por el ex gobernador Miguel \u00c1ngel Yunes Linares\u2014 acusados de diversas irregularidades.<\/p>\n\n\n\n<p>As\u00ed, faltando dos a\u00f1os para terminar el actual sexenio, pareciera que no habr\u00e1 nadie castigado por los se\u00f1alamientos y s\u00f3lo hay tres escenarios: o los yunistas lograron solventar las observaciones o de plano hay negociaciones del alto nivel para no ser llamados a cuentas, en aras de la mentada gobernabilidad.<\/p>\n\n\n\n<p>La otra: que las denuncias que se interpusieron por parte del \u00d3rgano de Fiscalizaci\u00f3n Superior (ORFIS) estar\u00edan guardadas para usarse en &#8220;caso de emergencia&#8221;; es decir, cuando sean necesarias para hacer ruido pol\u00edtico.<\/p>\n\n\n\n<p>Y mire que la 4T tiene al exsecretario de Gobierno y al exfiscal del mini-yunato en el bote por circunstancias que hasta donde se sabe no tendr\u00edan que ver con el uso de recursos p\u00fablicos.<\/p>\n\n\n\n<p>Por eso no deja de ser extra\u00f1o c\u00f3mo la titular del ORFIS, Delia Gonz\u00e1lez, habla sobre los &#8220;da\u00f1os patrimoniales&#8221; en los sexenios de Fidel y Javier Duarte, pero omite comentar sobre las denuncias y el presunto desv\u00edo de casi mil millones de pesos en el bienio de Yunes Linares.<\/p>\n\n\n\n<p>Luego entonces, la pregunta: \u00bfencubre pruebas o los protege?<\/p>\n\n\n\n<p>En la reciente Guardia de Honor que se hace tradicionalmente por las fechas patrias, la titular del ORFIS apenas habl\u00f3 de que durante el gobierno del panista Miguel \u00c1ngel Yunes Linares (2016-2018) se interpusieron 41 denuncias penales por el da\u00f1o patrimonial de m\u00e1s de 923 millones de pesos.<\/p>\n\n\n\n<p>&#8220;En ese bienio se logr\u00f3 la recuperaci\u00f3n de 54.6 millones de pesos de reintegros. Destacan las denuncias interpuestas en contra de la Universidad Popular Aut\u00f3noma de Veracruz por 241 millones de pesos; el Fideicomiso de Fomento Agropecuario por 241 millones; el Instituto Tecnol\u00f3gico de Alvarado por 91 millones; el Instituto de Espacios Educativos por 81 millones de pesos; la Secretar\u00eda de Salud por 71 millones de pesos, entre los m\u00e1s destacados&#8221;, detalla la nota de la agencia APRO, firmado por la corresponsal Flavia Morales.<\/p>\n\n\n\n<p>Es todo lo que ha dicho y pareciera que siempre trata de &#8220;generalizar&#8221; las administraciones de Duarte, Fidel y Yunes.<\/p>\n\n\n\n<p>\u00bfSer\u00e1 que ya se le olvidaron sus primeras declaraciones cuando lleg\u00f3 al ORFIS donde aseguraba que tan solo en el \u00faltimo a\u00f1o de gobierno de Yunes desfalc\u00f3 a la entidad por tres mil 54 millones de pesos en el \u00faltimo a\u00f1o de su gobierno?.<\/p>\n\n\n\n<p>En ese entonces, Do\u00f1a Delia declaraba a medios que a 43 entes, nueve dependencias, 30 organismos p\u00fablicos descentralizados y dos fideicomisos se les detect\u00f3 da\u00f1o al patrimonio.<\/p>\n\n\n\n<p>Las notas period\u00edsticas de diversos portales detallan las declaraciones en las que refiere a la Secretar\u00eda de Seguridad P\u00fablica (encabezada entonces por Jaime &#8220;Sugardaddy&#8221; Tellez Mari\u00e9) como la dependencia con m\u00e1s observaciones por el orden de mil 51 millones 975 mil 899 pesos; mientras que en la Fiscal\u00eda General de Justicia del Estado (del hoy preso Jorge &#8220;N&#8221;) fue de siete millones 192 mil 633 pesos.<\/p>\n\n\n\n<p>En la Secretar\u00eda Ejecutiva del Sistema Estatal Anticorrupci\u00f3n fue de dos millones 380 mil 411 pesos<\/p>\n\n\n\n<p>Tambi\u00e9n se detectaron da\u00f1os al patrimonio en la Secretar\u00eda de Desarrollo Social (Sedesol, donde estaba la hoy senadora Indira Rosales), la Secretar\u00eda de Infraestructura y Obras P\u00fablicas (donde estuvo el hoy senador Julen Rementer\u00eda), la Secretar\u00eda de Gobierno (cuyo extitular est\u00e1 hoy preso), la Contralor\u00eda del Poder Ejecutivo y la Oficina del Programa de Gobierno.<\/p>\n\n\n\n<p>De hecho nada se sabe de las denuncias interpuestas contra la ex titular de Sedesol y senadora panista por la renta de veh\u00edculos y el sobre costo de despensas de apoyo a familias que origin\u00f3 el esc\u00e1ndalo bautizado como &#8220;despensagate&#8221;<\/p>\n\n\n\n<p>Mucho menos la titular del ORFIS ha dicho algo contra el presunto da\u00f1o patrimonial en el gobierno municipal de Fernando Yunes en su paso por el Ayuntamiento de Veracruz, concentr\u00e1ndose en municipios peque\u00f1os y &#8220;olvidando&#8221; al de mayor presupuesto en el estado.<\/p>\n\n\n\n<p>\u00bfA poco sali\u00f3 completamente limpio el m\u00e1s chiquito de los Yunes?<\/p>\n\n\n\n<p>Al Orfis con Delia Gonz\u00e1lez como titular se le ha demostrado actos de corrupci\u00f3n, como las denuncias contra su ex director jur\u00eddico Felipe de Jes\u00fas Carreon y el contralor interno Emmanuel V\u00e1zquez Jimenez por incumplimiento de un deber legal, ejercicio indebido del servicio p\u00fablico, coalici\u00f3n, y los que les resulten, pues se les demostr\u00f3 que &#8220;maquillaban&#8221; cuentas.<\/p>\n\n\n\n<p>Ese esc\u00e1ndalo retumb\u00f3 recientemente.<\/p>\n\n\n\n<p>Ya es mucha coincidencia que esto pase y la auditora no sepa nada\u2026 \u00bfO ya tambi\u00e9n se le olvid\u00f3?<\/p>\n\n\n\n<p><strong>NOTA PARA PEGAR EN EL REFRI: <\/strong>Fernando Yunes es otro de los personajes que se anda acercando al diputado federal por Coatepec. Apenas d\u00edas atr\u00e1s el hijo menor del ex gobernador Miguel \u00c1ngel Yunes Linares, fue visto en la famosa hacienda &#8220;San Juli\u00e1n&#8221; de la familia de Pepe Yunes, donde comieron juntos. Hay versiones de que Fernando est\u00e1 movi\u00e9ndose por su cuenta, como un &#8220;hijo desobediente&#8221;, pues aparentemente siguen los problemas dom\u00e9sticos entre los Yunes del Estero luego de la debacle en la gubernatura y evidente p\u00e9rdida de influencia en el puerto por las arremetidas de la Cuarta Transformeishion en sus dominios\u2026 Otra versi\u00f3n ser\u00eda que fue a fumar a nombre de su familia la pipa de la paz con los perote\u00f1os, pues en plena elecci\u00f3n de 2018, terminaron del chongo y los operadores de Pepe se decantaron por apoyar a Morena y no al candidato del ex gobernador, que era su propio hijo &#8220;Miguel Chiquito&#8221;\u2026 \u00bfSer\u00e1 que ya se tiene cari\u00f1o y toda la cosa? \u00bfYa otra vez son amiguis y aliados? \u00bfSer\u00e1 que ya le fueron a ofrecer apoyo a la gubernatura del 2024?\u2026 No vaya a ser que a Don Pepe le pase como antes con las promesas incumplidas que lo dejaron como el chinito: nom\u00e1s &#8220;milando&#8221; el &#8220;palo\u2026 nama&#8221;.<\/p>\n\n\n\n<p><strong>OTRA NOTA:<\/strong> Otra leyenda del periodismo veracruzano falleci\u00f3 este mi\u00e9rcoles: Don Miguel L\u00f3pez Azuara, uno de los periodistas m\u00e1s brillantes, dej\u00f3 de existir en su casa de Tuxpan a la edad de 88 a\u00f1os\u2026 Fue de los periodistas que sufri\u00f3 en carne propia el derrumbe editorial del diario Exc\u00e9lsior (en esos momentos, el mejor peri\u00f3dico de M\u00e9xico), cuando se dio la salida de Julio Scherer Garc\u00eda como director del rotativo a causa de mot\u00edn de cooperativistas que fue promovido desde Palacio Nacional en tiempos del presidente Luis Echeverr\u00eda\u2026 L\u00f3pez Azuara, con Scherer y otros brillantes como Vicente Le\u00f1ero, son los que dieron pie a la fundaci\u00f3n del semanario Proceso, que desde mediados los 70 sigue siendo ejemplo de periodismo combativo, especialmente por los reporteros y colaboradores estrella que tuvo en sus primeros a\u00f1os\u2026 Don Miguel fue muy conocido en el estado tambi\u00e9n como coordinador de Comunicaci\u00f3n Social del Gobierno de Veracruz en el gobierno de Patricio Chirinos Calero\u2026 Descanse en paz.<\/p>\n\n\n\n<p><strong>LA \u00daLTIMA PORQUE VOY A DESEMPOLVAR ROLAS DEL COOLIO: <\/strong>Lo publica el secretario de Finanzas de Veracruz, Jos\u00e9 Luis Lima Franco: \u201cLa deuda en Veracruz hoy es sostenible y seguir\u00e1 bajando. Hoy (el d\u00eda 27) revisamos la evoluci\u00f3n de la reducci\u00f3n de la deuda que nos heredaron los gobiernos pasados y que se encuentra en las cuentas de orden. El compromiso del gobernador Cuitl\u00e1huac Garc\u00eda Jim\u00e9nez, es continuar construyendo finanzas fuertes y dejar un precedente de buen manejo de los recursos\u201d\u2026 Lo destacado del texto, que aparentemente es muy sencillo, dice algo clave: las cuentas de orden; es decir, pendientes \u201csueltos\u201d que no afectan el patrimonio del estado porque no est\u00e1n todav\u00eda incluidas en el balance general (la real deuda), salvo que se determine su pago como en el caso de los juicios laborales\u2026 El rollo es que la oposici\u00f3n anti4T junta ambas cuentas (las de orden y el balance general) para hacer creer que hay una cifra mayor de deuda, lo que es una falacia\u2026 Lo que tampoco dicen los opositores es que las mismas cuentas de Sefiplan detallan que se ha reducido deuda bancaria y otros pasivos hasta en un 40 por ciento\u2026 Y mire: no hay que ser genios en matem\u00e1ticas: basta acordarse del despapaye financiero que ten\u00eda el sexenio de Javier Duarte, que dej\u00f3 corriendo una bola de nieve por dejarle de pagar a medio mundo; que en el minigobierno de dos a\u00f1os se hicieron los occisos y que fue hasta con Cuitl\u00e1huac Garc\u00eda Jim\u00e9nez que se decidi\u00f3 tomar al toro por los cuernos para meter orden en el tema financiero, con Lima Franco en ese frente.<\/p>\n","protected":false},"excerpt":{"rendered":"<p>ColumnaSinNombre@pablojair Fernandito con T\u00edo Pepe en San Juli\u00e1n. Falleci\u00f3 Don Miguel L\u00f3pez Azuara. Deuda seguir\u00e1 bajando: Lima Franco Too much television watchin&#8217; got me chasin&#8217; dreams&#8211;Coolio A cuatro a\u00f1os de iniciada la Cuarta Transformeishion en Veracruz, pareciera que de plano no hay avances en denuncias que se supone se ten\u00edan contra actores pol\u00edticos del bienio [&hellip;]<\/p>\n","protected":false},"author":1,"featured_media":488,"comment_status":"open","ping_status":"open","sticky":false,"template":"","format":"standard","meta":{"_jetpack_memberships_contains_paid_content":false,"footnotes":""},"categories":[11],"tags":[],"class_list":["post-32134","post","type-post","status-publish","format-standard","has-post-thumbnail","hentry","category-opinion"],"jetpack_featured_media_url":"https:\/\/encuentroinformativo.com.mx\/wp-content\/uploads\/2020\/03\/F471F608-BA1A-416B-BA7B-BCFB24F4E6D0.jpeg","jetpack_sharing_enabled":true,"jetpack_likes_enabled":true,"amp_enabled":true,"_links":{"self":[{"href":"https:\/\/encuentroinformativo.com.mx\/index.php?rest_route=\/wp\/v2\/posts\/32134","targetHints":{"allow":["GET"]}}],"collection":[{"href":"https:\/\/encuentroinformativo.com.mx\/index.php?rest_route=\/wp\/v2\/posts"}],"about":[{"href":"https:\/\/encuentroinformativo.com.mx\/index.php?rest_route=\/wp\/v2\/types\/post"}],"author":[{"embeddable":true,"href":"https:\/\/encuentroinformativo.com.mx\/index.php?rest_route=\/wp\/v2\/users\/1"}],"replies":[{"embeddable":true,"href":"https:\/\/encuentroinformativo.com.mx\/index.php?rest_route=%2Fwp%2Fv2%2Fcomments&post=32134"}],"version-history":[{"count":1,"href":"https:\/\/encuentroinformativo.com.mx\/index.php?rest_route=\/wp\/v2\/posts\/32134\/revisions"}],"predecessor-version":[{"id":32135,"href":"https:\/\/encuentroinformativo.com.mx\/index.php?rest_route=\/wp\/v2\/posts\/32134\/revisions\/32135"}],"wp:featuredmedia":[{"embeddable":true,"href":"https:\/\/encuentroinformativo.com.mx\/index.php?rest_route=\/wp\/v2\/media\/488"}],"wp:attachment":[{"href":"https:\/\/encuentroinformativo.com.mx\/index.php?rest_route=%2Fwp%2Fv2%2Fmedia&parent=32134"}],"wp:term":[{"taxonomy":"category","embeddable":true,"href":"https:\/\/encuentroinformativo.com.mx\/index.php?rest_route=%2Fwp%2Fv2%2Fcategories&post=32134"},{"taxonomy":"post_tag","embeddable":true,"href":"https:\/\/encuentroinformativo.com.mx\/index.php?rest_route=%2Fwp%2Fv2%2Ftags&post=32134"}],"curies":[{"name":"wp","href":"https:\/\/api.w.org\/{rel}","templated":true}]}}