{"id":32142,"date":"2022-09-29T12:42:54","date_gmt":"2022-09-29T17:42:54","guid":{"rendered":"https:\/\/encuentroinformativo.com.mx\/?p=32142"},"modified":"2022-09-29T12:42:58","modified_gmt":"2022-09-29T17:42:58","slug":"panistas-tambien-quieren-entregar-apoyos-federales","status":"publish","type":"post","link":"https:\/\/encuentroinformativo.com.mx\/?p=32142","title":{"rendered":"Panistas tambi\u00e9n quieren entregar apoyos federales"},"content":{"rendered":"\n<p><strong>Alejandro \u00c1vila<\/strong><\/p>\n\n\n\n<p>Veracruz, Ver.- El diputado federal, Carlos Alberto Valenzuela Gonz\u00e1lez, respald\u00f3 la iniciativa de su par de Morena, Rosa Mar\u00eda Hern\u00e1ndez Espejo, qui\u00e9n dijo que los apoyos alimentarios no deben de ser excluyentes ni discriminatorios, por lo que solicit\u00f3 el presidente de la rep\u00fablica, Andr\u00e9s Manuel L\u00f3pez Obrador, tambi\u00e9n les permita repartir despensas y becas federales.<\/p>\n\n\n\n<p>Hace unos d\u00edas, Rosa Mar\u00eda Hern\u00e1ndez Espejo, solicit\u00f3 al Ayuntamiento de Veracruz invitar a los regidores de Morena a la entrega de apoyos alimentarios municipales; situaci\u00f3n que es v\u00e1lida, dijo el panista, pero se debe replicar con la oposici\u00f3n, en la entrega de apoyos estatales y federales.<\/p>\n\n\n\n<p>\u201cParece que se le olvid\u00f3 que tambi\u00e9n hay una gran cantidad de programas sociales, tanto federales como estatales, que lamentablemente s\u00ed est\u00e1n siendo utilizados con un sesgo pol\u00edtico partidista a favor de Morena, y donde valdr\u00eda la pena que con la misma exigencia que la diputada le pide al Ayuntamiento de Veracruz la incorporaci\u00f3n de los regidores de oposici\u00f3n a la distribuci\u00f3n de los programas alimentarios, pues tambi\u00e9n con la misma energ\u00eda y firmeza solicitar al gobierno federal que incluya a los diputados federales que somos de oposici\u00f3n a la distribuci\u00f3n de estos programas\u201d, enfatiz\u00f3.<\/p>\n\n\n\n<p>Como ejemplo, mencion\u00f3 la entrega de las becas &#8220;Benito Ju\u00e1rez&#8221;, donde las personas y los servidores p\u00fablicos que aparecen en la repartici\u00f3n de pensiones de adultos mayores, son los diputados federales de Morena.&nbsp;<\/p>\n\n\n\n<p>\u201cAqu\u00ed pedir\u00edamos que, as\u00ed como solicita que se incorpore a todas las fuerzas pol\u00edticas en el tema municipal, tambi\u00e9n se haga en los estatal y en lo federal\u201d.<\/p>\n\n\n\n<p>\u201cDesde ac\u00e1 le solicitamos a la diputada federal de Morena que nos podamos sumar a una mesa de trabajo de an\u00e1lisis para que estos programas y todos los programas que se ejecuten con recurso p\u00fablico, nosotros como diputados federales, independientemente del partido pol\u00edtico, podamos ser vigilantes y garantes de una verdadera implementaci\u00f3n estrat\u00e9gica, transparente, sin exclusi\u00f3n y sin discriminaci\u00f3n\u201d concluy\u00f3 el diputado federal panista, Carlos Valenzuela Gonz\u00e1lez.<\/p>\n","protected":false},"excerpt":{"rendered":"<p>Alejandro \u00c1vila Veracruz, Ver.- El diputado federal, Carlos Alberto Valenzuela Gonz\u00e1lez, respald\u00f3 la iniciativa de su par de Morena, Rosa Mar\u00eda Hern\u00e1ndez Espejo, qui\u00e9n dijo que los apoyos alimentarios no deben de ser excluyentes ni discriminatorios, por lo que solicit\u00f3 el presidente de la rep\u00fablica, Andr\u00e9s Manuel L\u00f3pez Obrador, tambi\u00e9n les permita repartir despensas y [&hellip;]<\/p>\n","protected":false},"author":1,"featured_media":32143,"comment_status":"open","ping_status":"open","sticky":false,"template":"","format":"standard","meta":{"_jetpack_memberships_contains_paid_content":false,"footnotes":""},"categories":[2],"tags":[],"class_list":["post-32142","post","type-post","status-publish","format-standard","has-post-thumbnail","hentry","category-estado"],"jetpack_featured_media_url":"https:\/\/encuentroinformativo.com.mx\/wp-content\/uploads\/2022\/09\/7F93FB6E-D026-4937-8064-D77A01167F5F.jpeg","jetpack_sharing_enabled":true,"jetpack_likes_enabled":true,"amp_enabled":true,"_links":{"self":[{"href":"https:\/\/encuentroinformativo.com.mx\/index.php?rest_route=\/wp\/v2\/posts\/32142","targetHints":{"allow":["GET"]}}],"collection":[{"href":"https:\/\/encuentroinformativo.com.mx\/index.php?rest_route=\/wp\/v2\/posts"}],"about":[{"href":"https:\/\/encuentroinformativo.com.mx\/index.php?rest_route=\/wp\/v2\/types\/post"}],"author":[{"embeddable":true,"href":"https:\/\/encuentroinformativo.com.mx\/index.php?rest_route=\/wp\/v2\/users\/1"}],"replies":[{"embeddable":true,"href":"https:\/\/encuentroinformativo.com.mx\/index.php?rest_route=%2Fwp%2Fv2%2Fcomments&post=32142"}],"version-history":[{"count":1,"href":"https:\/\/encuentroinformativo.com.mx\/index.php?rest_route=\/wp\/v2\/posts\/32142\/revisions"}],"predecessor-version":[{"id":32144,"href":"https:\/\/encuentroinformativo.com.mx\/index.php?rest_route=\/wp\/v2\/posts\/32142\/revisions\/32144"}],"wp:featuredmedia":[{"embeddable":true,"href":"https:\/\/encuentroinformativo.com.mx\/index.php?rest_route=\/wp\/v2\/media\/32143"}],"wp:attachment":[{"href":"https:\/\/encuentroinformativo.com.mx\/index.php?rest_route=%2Fwp%2Fv2%2Fmedia&parent=32142"}],"wp:term":[{"taxonomy":"category","embeddable":true,"href":"https:\/\/encuentroinformativo.com.mx\/index.php?rest_route=%2Fwp%2Fv2%2Fcategories&post=32142"},{"taxonomy":"post_tag","embeddable":true,"href":"https:\/\/encuentroinformativo.com.mx\/index.php?rest_route=%2Fwp%2Fv2%2Ftags&post=32142"}],"curies":[{"name":"wp","href":"https:\/\/api.w.org\/{rel}","templated":true}]}}