{"id":32148,"date":"2022-09-29T12:49:39","date_gmt":"2022-09-29T17:49:39","guid":{"rendered":"https:\/\/encuentroinformativo.com.mx\/?p=32148"},"modified":"2022-09-29T12:49:43","modified_gmt":"2022-09-29T17:49:43","slug":"padres-toman-escuela-armada-de-mexico-rechazan-a-supervisora","status":"publish","type":"post","link":"https:\/\/encuentroinformativo.com.mx\/?p=32148","title":{"rendered":"Padres toman escuela \u201cArmada de M\u00e9xico\u201d, rechazan a supervisora"},"content":{"rendered":"\n<p><strong>Alejandro \u00c1vila<\/strong><\/p>\n\n\n\n<p>Veracruz, Ver.- Padres de familia de la escuela &#8220;Armada de M\u00e9xico&#8221; ubicada en el fraccionamiento Dorado Real, tomaron las instalaciones debido a la inconformidad con la supervisora escolar.<\/p>\n\n\n\n<p>Los quejosos se\u00f1alan que existen diversas irregularidades en cu\u00e1nto a los temas econ\u00f3micos conciernen al plantel educativo.<\/p>\n\n\n\n<p>&#8220;Para inconformarnos de los malos manejos de la maestra Marta Garc\u00eda G\u00f3mez, supervisora de la zona 24 sector 30, no dejan entrar al nuevo director y a la maestra de quinto grado, es la escuela Armada de M\u00e9xico colonia El Cortijo, aqu\u00ed en Veracruz, Veracruz, fraccionamiento Dorado Real, esperamos contar con el apoyo de la Secretar\u00eda (de Educaci\u00f3n), qu\u00e9 intervenga, exigimos que venga por favor&#8221;, se\u00f1al\u00f3, Guadalupe Reyes, madre de familia.<\/p>\n\n\n\n<p>En la barda de la escuela colocaron pancartas, pues desde hace meses no cuentan con docentes para el quinto grado de primaria; adem\u00e1s, se\u00f1alaron que existen irregularidades en cuanto al manejo de las finanzas de la instituci\u00f3n educativa, por lo cual piden la intervenci\u00f3n de la Secretar\u00eda Educaci\u00f3n de Veracruz (SEV).<\/p>\n\n\n\n<p>Las madres y padres de familia a los alumnos de la escuela Armada de M\u00e9xico, solicitan que se haga una investigaci\u00f3n a las finanzas de la escuela, pues se han autorizado compras y pagos que consideran irregulares.<\/p>\n","protected":false},"excerpt":{"rendered":"<p>Alejandro \u00c1vila Veracruz, Ver.- Padres de familia de la escuela &#8220;Armada de M\u00e9xico&#8221; ubicada en el fraccionamiento Dorado Real, tomaron las instalaciones debido a la inconformidad con la supervisora escolar. Los quejosos se\u00f1alan que existen diversas irregularidades en cu\u00e1nto a los temas econ\u00f3micos conciernen al plantel educativo. &#8220;Para inconformarnos de los malos manejos de la [&hellip;]<\/p>\n","protected":false},"author":1,"featured_media":32149,"comment_status":"open","ping_status":"open","sticky":false,"template":"","format":"standard","meta":{"_jetpack_memberships_contains_paid_content":false,"footnotes":""},"categories":[2],"tags":[],"class_list":["post-32148","post","type-post","status-publish","format-standard","has-post-thumbnail","hentry","category-estado"],"jetpack_featured_media_url":"https:\/\/encuentroinformativo.com.mx\/wp-content\/uploads\/2022\/09\/5F5373F9-0AE5-4E05-8C30-E14C1BF503B0.jpeg","jetpack_sharing_enabled":true,"jetpack_likes_enabled":true,"amp_enabled":true,"_links":{"self":[{"href":"https:\/\/encuentroinformativo.com.mx\/index.php?rest_route=\/wp\/v2\/posts\/32148","targetHints":{"allow":["GET"]}}],"collection":[{"href":"https:\/\/encuentroinformativo.com.mx\/index.php?rest_route=\/wp\/v2\/posts"}],"about":[{"href":"https:\/\/encuentroinformativo.com.mx\/index.php?rest_route=\/wp\/v2\/types\/post"}],"author":[{"embeddable":true,"href":"https:\/\/encuentroinformativo.com.mx\/index.php?rest_route=\/wp\/v2\/users\/1"}],"replies":[{"embeddable":true,"href":"https:\/\/encuentroinformativo.com.mx\/index.php?rest_route=%2Fwp%2Fv2%2Fcomments&post=32148"}],"version-history":[{"count":1,"href":"https:\/\/encuentroinformativo.com.mx\/index.php?rest_route=\/wp\/v2\/posts\/32148\/revisions"}],"predecessor-version":[{"id":32150,"href":"https:\/\/encuentroinformativo.com.mx\/index.php?rest_route=\/wp\/v2\/posts\/32148\/revisions\/32150"}],"wp:featuredmedia":[{"embeddable":true,"href":"https:\/\/encuentroinformativo.com.mx\/index.php?rest_route=\/wp\/v2\/media\/32149"}],"wp:attachment":[{"href":"https:\/\/encuentroinformativo.com.mx\/index.php?rest_route=%2Fwp%2Fv2%2Fmedia&parent=32148"}],"wp:term":[{"taxonomy":"category","embeddable":true,"href":"https:\/\/encuentroinformativo.com.mx\/index.php?rest_route=%2Fwp%2Fv2%2Fcategories&post=32148"},{"taxonomy":"post_tag","embeddable":true,"href":"https:\/\/encuentroinformativo.com.mx\/index.php?rest_route=%2Fwp%2Fv2%2Ftags&post=32148"}],"curies":[{"name":"wp","href":"https:\/\/api.w.org\/{rel}","templated":true}]}}