{"id":32154,"date":"2022-09-29T16:05:06","date_gmt":"2022-09-29T21:05:06","guid":{"rendered":"https:\/\/encuentroinformativo.com.mx\/?p=32154"},"modified":"2022-09-29T16:05:10","modified_gmt":"2022-09-29T21:05:10","slug":"regresan-alfombras-artesanales-a-coatepec","status":"publish","type":"post","link":"https:\/\/encuentroinformativo.com.mx\/?p=32154","title":{"rendered":"Regresan alfombras artesanales a Coatepec"},"content":{"rendered":"\n<p><strong>Juan Arcos <\/strong><\/p>\n\n\n\n<p>Coatepec, Ver.- Sobre las calles del centro del municipio de Coatepec elaboraron tapetes coloridos de aserr\u00edn durante la fiesta patronal en honor a \u201cSan Jer\u00f3nimo\u201d.<\/p>\n\n\n\n<p>Esto tras dos a\u00f1os de la suspensi\u00f3n de las actividades culturales y religiosas por la pandemia de Sars-Cov2 (Covid-19).<\/p>\n\n\n\n<p>La alfombra artesanal luce en al menos seis cuadras del centro hist\u00f3rico de este Pueblo M\u00e1gico cercano a la ciudad de Xalapa.<\/p>\n\n\n\n<p>En las inmediaciones de la parroquia de \u201cSan Jer\u00f3nimo\u201d se observa a decenas de ni\u00f1as, ni\u00f1os y adultos que utilizan moldes de madera para la elaboraci\u00f3n de las figuras religiosas.<\/p>\n\n\n\n<p>De acuerdo con el Sacerdote de la parroquia de \u201cSan Jer\u00f3nimo\u201d, Quint\u00edn L\u00f3pez Cessa, hasta alumnos de preescolar se han sumado a la elaboraci\u00f3n de estas piezas que adornan las calles.<\/p>\n\n\n\n<p>Los tapetes artesanales se encuentran sobre las calles Jos\u00e9 Mar\u00eda Arteaga, Luis de San Jos\u00e9, Antonio Mateo Rebolledo y en los pasillos de la iglesia \u201cSan Jer\u00f3nimo\u201d.<\/p>\n\n\n\n<p>\u201cLos grupos de la parroquia que aqu\u00ed viven su fe y celebran su fe son los encargados de hacer las alfombras. Algunos vecinos se integran, hemos invitado a todos los que quieran participar\u201d, a\u00f1adi\u00f3.<\/p>\n\n\n\n<p>La tarde de este jueves se realizar\u00eda una procesi\u00f3n con los arcos florales y la imagen del Santo Patrono desde la colonia Los Carriles hasta la parroquia de \u201cSan Jer\u00f3nimo\u201d.<\/p>\n\n\n\n<p>La celebraci\u00f3n eucar\u00edstica de \u201cSan Jer\u00f3nimo\u201d se llevar\u00e1 a cabo el viernes 30 de septiembre a las 12:00 horas. Adem\u00e1s, el arzobispo de Xalapa, Jorge Carlos Patr\u00f3n Wong, acudir\u00e1 a la misa de las 19:00 horas.<\/p>\n\n\n\n<figure class=\"wp-block-image size-large\"><img loading=\"lazy\" decoding=\"async\" width=\"1024\" height=\"576\" src=\"https:\/\/encuentroinformativo.com.mx\/wp-content\/uploads\/2022\/09\/86A6D9BC-4024-499F-BC79-DAAA4DF17EC7-1024x576.jpeg\" alt=\"\" class=\"wp-image-32156\" srcset=\"https:\/\/encuentroinformativo.com.mx\/wp-content\/uploads\/2022\/09\/86A6D9BC-4024-499F-BC79-DAAA4DF17EC7-1024x576.jpeg 1024w, https:\/\/encuentroinformativo.com.mx\/wp-content\/uploads\/2022\/09\/86A6D9BC-4024-499F-BC79-DAAA4DF17EC7-300x169.jpeg 300w, https:\/\/encuentroinformativo.com.mx\/wp-content\/uploads\/2022\/09\/86A6D9BC-4024-499F-BC79-DAAA4DF17EC7-768x432.jpeg 768w, https:\/\/encuentroinformativo.com.mx\/wp-content\/uploads\/2022\/09\/86A6D9BC-4024-499F-BC79-DAAA4DF17EC7-1536x864.jpeg 1536w, https:\/\/encuentroinformativo.com.mx\/wp-content\/uploads\/2022\/09\/86A6D9BC-4024-499F-BC79-DAAA4DF17EC7.jpeg 1760w\" sizes=\"auto, (max-width: 1024px) 100vw, 1024px\" \/><\/figure>\n","protected":false},"excerpt":{"rendered":"<p>Juan Arcos Coatepec, Ver.- Sobre las calles del centro del municipio de Coatepec elaboraron tapetes coloridos de aserr\u00edn durante la fiesta patronal en honor a \u201cSan Jer\u00f3nimo\u201d. Esto tras dos a\u00f1os de la suspensi\u00f3n de las actividades culturales y religiosas por la pandemia de Sars-Cov2 (Covid-19). La alfombra artesanal luce en al menos seis cuadras [&hellip;]<\/p>\n","protected":false},"author":1,"featured_media":32155,"comment_status":"open","ping_status":"open","sticky":false,"template":"","format":"standard","meta":{"_jetpack_memberships_contains_paid_content":false,"footnotes":""},"categories":[8],"tags":[],"class_list":["post-32154","post","type-post","status-publish","format-standard","has-post-thumbnail","hentry","category-region"],"jetpack_featured_media_url":"https:\/\/encuentroinformativo.com.mx\/wp-content\/uploads\/2022\/09\/1D24D3A6-35BF-4C84-89CE-1297A35E8308.jpeg","jetpack_sharing_enabled":true,"jetpack_likes_enabled":true,"amp_enabled":true,"_links":{"self":[{"href":"https:\/\/encuentroinformativo.com.mx\/index.php?rest_route=\/wp\/v2\/posts\/32154","targetHints":{"allow":["GET"]}}],"collection":[{"href":"https:\/\/encuentroinformativo.com.mx\/index.php?rest_route=\/wp\/v2\/posts"}],"about":[{"href":"https:\/\/encuentroinformativo.com.mx\/index.php?rest_route=\/wp\/v2\/types\/post"}],"author":[{"embeddable":true,"href":"https:\/\/encuentroinformativo.com.mx\/index.php?rest_route=\/wp\/v2\/users\/1"}],"replies":[{"embeddable":true,"href":"https:\/\/encuentroinformativo.com.mx\/index.php?rest_route=%2Fwp%2Fv2%2Fcomments&post=32154"}],"version-history":[{"count":1,"href":"https:\/\/encuentroinformativo.com.mx\/index.php?rest_route=\/wp\/v2\/posts\/32154\/revisions"}],"predecessor-version":[{"id":32157,"href":"https:\/\/encuentroinformativo.com.mx\/index.php?rest_route=\/wp\/v2\/posts\/32154\/revisions\/32157"}],"wp:featuredmedia":[{"embeddable":true,"href":"https:\/\/encuentroinformativo.com.mx\/index.php?rest_route=\/wp\/v2\/media\/32155"}],"wp:attachment":[{"href":"https:\/\/encuentroinformativo.com.mx\/index.php?rest_route=%2Fwp%2Fv2%2Fmedia&parent=32154"}],"wp:term":[{"taxonomy":"category","embeddable":true,"href":"https:\/\/encuentroinformativo.com.mx\/index.php?rest_route=%2Fwp%2Fv2%2Fcategories&post=32154"},{"taxonomy":"post_tag","embeddable":true,"href":"https:\/\/encuentroinformativo.com.mx\/index.php?rest_route=%2Fwp%2Fv2%2Ftags&post=32154"}],"curies":[{"name":"wp","href":"https:\/\/api.w.org\/{rel}","templated":true}]}}