{"id":32158,"date":"2022-09-29T16:17:12","date_gmt":"2022-09-29T21:17:12","guid":{"rendered":"https:\/\/encuentroinformativo.com.mx\/?p=32158"},"modified":"2022-09-29T16:17:17","modified_gmt":"2022-09-29T21:17:17","slug":"atiende-dif-xalapa-denuncias-por-menores-maltratados","status":"publish","type":"post","link":"https:\/\/encuentroinformativo.com.mx\/?p=32158","title":{"rendered":"Atiende DIF Xalapa denuncias por menores maltratados"},"content":{"rendered":"\n<p><strong>Dar\u00edo Pale<\/strong> <\/p>\n\n\n\n<p>Xalapa, Ver.-  El director del DIF Municipal de Xalapa, Alejandro Del \u00c1ngel Aguilar dio a conocer que la hermana del menor asesinado por su madre ser\u00e1 resguardada por la Procuradur\u00eda Estatal de la Defensa del Menor\u00a0<\/p>\n\n\n\n<p>En entrevista se\u00f1al\u00f3 que la Procuradur\u00eda Estatal de la Defensa del Menor se encargar\u00e1 de la menor que tambi\u00e9n es hija de la mujer que asesin\u00f3 a golpes a un menor de 4 a\u00f1os, aunque dijo que se privilegiar\u00e1 que un familiar se haga cargo de la menor para no sustraerlo de su medio familiar.\u00a0<\/p>\n\n\n\n<p>\u201cEn este caso en particular y hasta el d\u00eda de ayer no se han resguardado por la procuradur\u00eda municipal, tiene una hermanita\u201d, se\u00f1al\u00f3.<\/p>\n\n\n\n<p>Coment\u00f3 que hasta el momento en lo que va del a\u00f1o se han recibido 45 denuncias de menores maltratados, por lo que a trav\u00e9s de la Procuradur\u00eda de la Defensa de ni\u00f1as, ni\u00f1os y adolescentes se les da seguimiento puntual a cada uno de los casos.<\/p>\n\n\n\n<p>Mencion\u00f3 que del caso en Xalapa donde una mujer asesin\u00f3 a golpes a su hijo de 4 a\u00f1os, dijo que intervino la Procuradur\u00eda Municipal.<\/p>\n\n\n\n<p>\u201cEs un caso muy desafortunado que est\u00e1 en curso su atenci\u00f3n porque est\u00e1 involucrada en el tema la mam\u00e1 y hay que buscar en conjunto con la procuradur\u00eda estatal, ya se est\u00e1 gestionando el destino final de la familia porque hay otros menores\u201d.<\/p>\n\n\n\n<p>Explic\u00f3 que dependiendo de las edades que los menores que haya en la familia son como se les destina un espacio donde ser\u00e1n protegidos.&nbsp;<\/p>\n\n\n\n<p>\u201cSi son ni\u00f1os menores de 12 a\u00f1os los resguarda la Procuradur\u00eda Estatal, en raz\u00f3n de que tienen el albergue de CONECALLI, en ni\u00f1os o ni\u00f1as mayores de 12 a\u00f1os y hasta 18 a\u00f1os tenemos nosotros la posibilidad de resguardarlos cuando son varones en la aldea MECED y cuando son mujeres en el centro de asistencia social para mujeres adolescentes\u201d.<\/p>\n\n\n\n<p>Finalmente dio a conocer que el DIF ha realizado 489 intervenciones psicol\u00f3gicas y 45 atenciones por menores maltratados en los primeros seis meses.<\/p>\n","protected":false},"excerpt":{"rendered":"<p>Dar\u00edo Pale Xalapa, Ver.- El director del DIF Municipal de Xalapa, Alejandro Del \u00c1ngel Aguilar dio a conocer que la hermana del menor asesinado por su madre ser\u00e1 resguardada por la Procuradur\u00eda Estatal de la Defensa del Menor\u00a0 En entrevista se\u00f1al\u00f3 que la Procuradur\u00eda Estatal de la Defensa del Menor se encargar\u00e1 de la menor [&hellip;]<\/p>\n","protected":false},"author":1,"featured_media":32159,"comment_status":"open","ping_status":"open","sticky":false,"template":"","format":"standard","meta":{"_jetpack_memberships_contains_paid_content":false,"footnotes":""},"categories":[3],"tags":[],"class_list":["post-32158","post","type-post","status-publish","format-standard","has-post-thumbnail","hentry","category-xalapa"],"jetpack_featured_media_url":"https:\/\/encuentroinformativo.com.mx\/wp-content\/uploads\/2022\/09\/4918A1E9-E8DF-4D34-9C4C-042FC17DD7C7.jpeg","jetpack_sharing_enabled":true,"jetpack_likes_enabled":true,"amp_enabled":true,"_links":{"self":[{"href":"https:\/\/encuentroinformativo.com.mx\/index.php?rest_route=\/wp\/v2\/posts\/32158","targetHints":{"allow":["GET"]}}],"collection":[{"href":"https:\/\/encuentroinformativo.com.mx\/index.php?rest_route=\/wp\/v2\/posts"}],"about":[{"href":"https:\/\/encuentroinformativo.com.mx\/index.php?rest_route=\/wp\/v2\/types\/post"}],"author":[{"embeddable":true,"href":"https:\/\/encuentroinformativo.com.mx\/index.php?rest_route=\/wp\/v2\/users\/1"}],"replies":[{"embeddable":true,"href":"https:\/\/encuentroinformativo.com.mx\/index.php?rest_route=%2Fwp%2Fv2%2Fcomments&post=32158"}],"version-history":[{"count":1,"href":"https:\/\/encuentroinformativo.com.mx\/index.php?rest_route=\/wp\/v2\/posts\/32158\/revisions"}],"predecessor-version":[{"id":32160,"href":"https:\/\/encuentroinformativo.com.mx\/index.php?rest_route=\/wp\/v2\/posts\/32158\/revisions\/32160"}],"wp:featuredmedia":[{"embeddable":true,"href":"https:\/\/encuentroinformativo.com.mx\/index.php?rest_route=\/wp\/v2\/media\/32159"}],"wp:attachment":[{"href":"https:\/\/encuentroinformativo.com.mx\/index.php?rest_route=%2Fwp%2Fv2%2Fmedia&parent=32158"}],"wp:term":[{"taxonomy":"category","embeddable":true,"href":"https:\/\/encuentroinformativo.com.mx\/index.php?rest_route=%2Fwp%2Fv2%2Fcategories&post=32158"},{"taxonomy":"post_tag","embeddable":true,"href":"https:\/\/encuentroinformativo.com.mx\/index.php?rest_route=%2Fwp%2Fv2%2Ftags&post=32158"}],"curies":[{"name":"wp","href":"https:\/\/api.w.org\/{rel}","templated":true}]}}