{"id":32161,"date":"2022-09-29T16:22:46","date_gmt":"2022-09-29T21:22:46","guid":{"rendered":"https:\/\/encuentroinformativo.com.mx\/?p=32161"},"modified":"2022-09-29T16:22:51","modified_gmt":"2022-09-29T21:22:51","slug":"fiscalia-debera-atender-caso-donde-madre-asesino-a-su-hijo-de-4-anos-cuitlahuac","status":"publish","type":"post","link":"https:\/\/encuentroinformativo.com.mx\/?p=32161","title":{"rendered":"Fiscal\u00eda deber\u00e1 atender caso donde madre asesin\u00f3 a su hijo de 4 a\u00f1os: Cuitl\u00e1huac"},"content":{"rendered":"\n<p><strong>Dar\u00edo Pale<\/strong><\/p>\n\n\n\n<p>Xalapa, Ver.- Para la Fiscal\u00eda General del Estado (FGE), ser\u00e1 un caso dif\u00edcil el resolver el asesinato de un menor que edad que fue asesinado por su propia madre, ya que se entreg\u00f3 el martes mismo, despu\u00e9s de haber privado de la vida a su menor hijo.<\/p>\n\n\n\n<p>En conferencia de prensa el gobernador de Veracruz Cuitl\u00e1huac Garc\u00eda Jim\u00e9nez coment\u00f3 que tras el lamentable asesinato de un peque\u00f1o de 4 a\u00f1os de edad, en esta capital, confirm\u00f3 que la madre del menor se entreg\u00f3 y confes\u00f3 haberlo asesinado, por lo que ser\u00e1 un caso dif\u00edcil para la Fiscal\u00eda General del Estado.<\/p>\n\n\n\n<p>&#8220;Es muy triste, muy muy lamentable. La madre se entreg\u00f3, priv\u00f3 de la vida a su propio hijo y se entreg\u00f3. No quisiera hacer otro comentario, porque hay mucho dolor en ella. Fue una circunstancia triste, lamentable y que ella misma al darse cuenta de lo que hab\u00eda hecho, muestra arrepentimiento y se entrega&#8221;, se\u00f1al\u00f3.<\/p>\n\n\n\n<p>&#8220;Ya que la Fiscal\u00eda determine, no va a ser una decisi\u00f3n f\u00e1cil. Circunstancias muy complejas, muy complicadas que la madre estaba afrontando con el tema de sus dos hijos&#8221;, agreg\u00f3.<\/p>\n\n\n\n<p>Confirm\u00f3 que la madre ten\u00eda dos hijos, el peque\u00f1o de cuatro a\u00f1os ten\u00eda una enfermedad &#8220;cr\u00f3nica&#8221; que le imped\u00eda hacer algunas cosas, por lo que en este asunto se mezcla frustraci\u00f3n, adem\u00e1s de que ella ya hab\u00eda solicitado atenci\u00f3n m\u00e9dica, pero no la continu\u00f3 y &#8220;se le fue complicando la circunstancia&#8221;.<\/p>\n\n\n\n<p>Agreg\u00f3 que la madre priv\u00f3 de la vida a su peque\u00f1o y despu\u00e9s se entreg\u00f3, por lo que la Fiscal\u00eda tendr\u00e1 que hacer un estudio de todo.<\/p>\n\n\n\n<p>Finalmente se\u00f1al\u00f3 hay que recordar que con base en declaraciones de los vecinos, el padre del peque\u00f1o revel\u00f3 que su esposa le mand\u00f3 mensajes para informarle que lo hab\u00eda matado y por eso regres\u00f3 de su trabajo para pedir auxilio, pero desafortunadamente no se logr\u00f3 salvarle la vida.<\/p>\n","protected":false},"excerpt":{"rendered":"<p>Dar\u00edo Pale Xalapa, Ver.- Para la Fiscal\u00eda General del Estado (FGE), ser\u00e1 un caso dif\u00edcil el resolver el asesinato de un menor que edad que fue asesinado por su propia madre, ya que se entreg\u00f3 el martes mismo, despu\u00e9s de haber privado de la vida a su menor hijo. En conferencia de prensa el gobernador [&hellip;]<\/p>\n","protected":false},"author":1,"featured_media":32162,"comment_status":"open","ping_status":"open","sticky":false,"template":"","format":"standard","meta":{"_jetpack_memberships_contains_paid_content":false,"footnotes":""},"categories":[2],"tags":[],"class_list":["post-32161","post","type-post","status-publish","format-standard","has-post-thumbnail","hentry","category-estado"],"jetpack_featured_media_url":"https:\/\/encuentroinformativo.com.mx\/wp-content\/uploads\/2022\/09\/38418F2B-0173-4688-AE23-43F082EBD36B.jpeg","jetpack_sharing_enabled":true,"jetpack_likes_enabled":true,"amp_enabled":true,"_links":{"self":[{"href":"https:\/\/encuentroinformativo.com.mx\/index.php?rest_route=\/wp\/v2\/posts\/32161","targetHints":{"allow":["GET"]}}],"collection":[{"href":"https:\/\/encuentroinformativo.com.mx\/index.php?rest_route=\/wp\/v2\/posts"}],"about":[{"href":"https:\/\/encuentroinformativo.com.mx\/index.php?rest_route=\/wp\/v2\/types\/post"}],"author":[{"embeddable":true,"href":"https:\/\/encuentroinformativo.com.mx\/index.php?rest_route=\/wp\/v2\/users\/1"}],"replies":[{"embeddable":true,"href":"https:\/\/encuentroinformativo.com.mx\/index.php?rest_route=%2Fwp%2Fv2%2Fcomments&post=32161"}],"version-history":[{"count":1,"href":"https:\/\/encuentroinformativo.com.mx\/index.php?rest_route=\/wp\/v2\/posts\/32161\/revisions"}],"predecessor-version":[{"id":32163,"href":"https:\/\/encuentroinformativo.com.mx\/index.php?rest_route=\/wp\/v2\/posts\/32161\/revisions\/32163"}],"wp:featuredmedia":[{"embeddable":true,"href":"https:\/\/encuentroinformativo.com.mx\/index.php?rest_route=\/wp\/v2\/media\/32162"}],"wp:attachment":[{"href":"https:\/\/encuentroinformativo.com.mx\/index.php?rest_route=%2Fwp%2Fv2%2Fmedia&parent=32161"}],"wp:term":[{"taxonomy":"category","embeddable":true,"href":"https:\/\/encuentroinformativo.com.mx\/index.php?rest_route=%2Fwp%2Fv2%2Fcategories&post=32161"},{"taxonomy":"post_tag","embeddable":true,"href":"https:\/\/encuentroinformativo.com.mx\/index.php?rest_route=%2Fwp%2Fv2%2Ftags&post=32161"}],"curies":[{"name":"wp","href":"https:\/\/api.w.org\/{rel}","templated":true}]}}