{"id":32167,"date":"2022-09-29T17:01:46","date_gmt":"2022-09-29T22:01:46","guid":{"rendered":"https:\/\/encuentroinformativo.com.mx\/?p=32167"},"modified":"2022-09-29T17:01:50","modified_gmt":"2022-09-29T22:01:50","slug":"cumple-alcalde-jm-unanue-con-rehabilitacion-de-unidad-deportiva-manuel-canales","status":"publish","type":"post","link":"https:\/\/encuentroinformativo.com.mx\/?p=32167","title":{"rendered":"Cumple Alcalde JM Un\u00e1nue con rehabilitaci\u00f3n de Unidad Deportiva Manuel Canales"},"content":{"rendered":"\n<p><strong>*<em>Continuamos cumpliendo nuestro compromiso de mejorar los espacios p\u00fablicos de todo Boca del R\u00edo, destac\u00f3<\/em>.<\/strong><\/p>\n\n\n\n<p>Boca del R\u00edo, Ver.- En una de las zonas con mayor densidad poblacional, se puso en marcha la rehabilitaci\u00f3n integral de la Unidad Deportiva Manuel Canales D\u00edaz, de la mano del Alcalde de Boca del R\u00edo, Juan Manuel de Un\u00e1nue Abascal.<\/p>\n\n\n\n<p>Con la rehabilitaci\u00f3n de este importante espacio p\u00fablico, destac\u00f3 el mun\u00edcipe, se devuelve a las boque\u00f1itas y boque\u00f1itos, as\u00ed como a los j\u00f3venes, unas instalaciones dignas para que hagan deporte, as\u00ed como para las familias en general que sirva para su desarrollo y esparcimiento.<\/p>\n\n\n\n<p>Apunt\u00f3 Un\u00e1nue Abascal, que al cerciorarse de las condiciones en las que se encontraba la unidad deportiva, su recuperaci\u00f3n fue uno de sus compromisos y \u201cse siguen cumpliendo\u201d. Agradeci\u00f3 a las y los vecinos de la colonia Manantial que estuvieron presentes durante el banderazo y recorrido de obra, refrendando su compromiso de trabajo diario.<\/p>\n\n\n\n<p>Se realizar\u00e1n 3 mil 988 metros cuadrados de obra, benefici\u00e1ndose directamente m\u00e1s de 4 mil 500 personas que viven a sus alrededores. Se tiene programado concluirla a finales de noviembre. La rehabilitaci\u00f3n integral contempla la colocaci\u00f3n de mil 276 metros cuadrados de pasto sint\u00e9tico, es decir, se cambia la cancha por completo para el uso y disfrute de los j\u00f3venes.<\/p>\n\n\n\n<p>Se rehabilitar\u00e1n 150 metros lineales de guarniciones y se le aplicar\u00e1 pintura hule clorado, as\u00ed como m\u00e1s de mil 500 metros cuadrados de pintura en muros, gradas y las bardas interiores y exteriores.<\/p>\n\n\n\n<p>\u201cIncluye adem\u00e1s de suministros de gradas con cubierta de lamina de policarbonato, se colocar\u00e1n cuatro porter\u00edas de medida est\u00e1ndar para f\u00fatbol y dos porter\u00edas multifuncionales para que haya tambi\u00e9n canchas de basquetbol, as\u00ed como maya reforzada alrededor de la unidad deportiva\u201d.<\/p>\n\n\n\n<p>Tambi\u00e9n se realizar\u00e1n acciones en las oficinas y espacios de usos m\u00faltiples, donde se rehabilitar\u00e1 la pintura, adem\u00e1s de mantenimiento a la herradura, se colocar\u00e1n puertas, se rehabilitar\u00e1n las salidas hidr\u00e1ulicas y se cambiar\u00e1n los muebles sanitarios.<\/p>\n\n\n\n<p>\u201cMi compromiso es seguir trabajando de la mano de las regidoras y regidores, de las distintas direcciones, y de todo el personal del Ayuntamiento, a quienes reconozco su trabajo durante estos nueve meses de gobierno\u201d.<\/p>\n\n\n\n<p>Finalmente, el Alcalde de Boca del R\u00edo, Juan Manuel Un\u00e1nue Abascal, recalc\u00f3 que la idea es tener absolutamente todos los espacios p\u00fablicos listos este a\u00f1o, para que en los tres a\u00f1os que restan de la administraci\u00f3n, sea darles el mantenimiento correspondiente.<\/p>\n","protected":false},"excerpt":{"rendered":"<p>*Continuamos cumpliendo nuestro compromiso de mejorar los espacios p\u00fablicos de todo Boca del R\u00edo, destac\u00f3. Boca del R\u00edo, Ver.- En una de las zonas con mayor densidad poblacional, se puso en marcha la rehabilitaci\u00f3n integral de la Unidad Deportiva Manuel Canales D\u00edaz, de la mano del Alcalde de Boca del R\u00edo, Juan Manuel de Un\u00e1nue [&hellip;]<\/p>\n","protected":false},"author":1,"featured_media":32168,"comment_status":"open","ping_status":"open","sticky":false,"template":"","format":"standard","meta":{"_jetpack_memberships_contains_paid_content":false,"footnotes":""},"categories":[2],"tags":[],"class_list":["post-32167","post","type-post","status-publish","format-standard","has-post-thumbnail","hentry","category-estado"],"jetpack_featured_media_url":"https:\/\/encuentroinformativo.com.mx\/wp-content\/uploads\/2022\/09\/3B342B15-AE5C-48BF-BAD7-138A95647EF7.jpeg","jetpack_sharing_enabled":true,"jetpack_likes_enabled":true,"amp_enabled":true,"_links":{"self":[{"href":"https:\/\/encuentroinformativo.com.mx\/index.php?rest_route=\/wp\/v2\/posts\/32167","targetHints":{"allow":["GET"]}}],"collection":[{"href":"https:\/\/encuentroinformativo.com.mx\/index.php?rest_route=\/wp\/v2\/posts"}],"about":[{"href":"https:\/\/encuentroinformativo.com.mx\/index.php?rest_route=\/wp\/v2\/types\/post"}],"author":[{"embeddable":true,"href":"https:\/\/encuentroinformativo.com.mx\/index.php?rest_route=\/wp\/v2\/users\/1"}],"replies":[{"embeddable":true,"href":"https:\/\/encuentroinformativo.com.mx\/index.php?rest_route=%2Fwp%2Fv2%2Fcomments&post=32167"}],"version-history":[{"count":1,"href":"https:\/\/encuentroinformativo.com.mx\/index.php?rest_route=\/wp\/v2\/posts\/32167\/revisions"}],"predecessor-version":[{"id":32169,"href":"https:\/\/encuentroinformativo.com.mx\/index.php?rest_route=\/wp\/v2\/posts\/32167\/revisions\/32169"}],"wp:featuredmedia":[{"embeddable":true,"href":"https:\/\/encuentroinformativo.com.mx\/index.php?rest_route=\/wp\/v2\/media\/32168"}],"wp:attachment":[{"href":"https:\/\/encuentroinformativo.com.mx\/index.php?rest_route=%2Fwp%2Fv2%2Fmedia&parent=32167"}],"wp:term":[{"taxonomy":"category","embeddable":true,"href":"https:\/\/encuentroinformativo.com.mx\/index.php?rest_route=%2Fwp%2Fv2%2Fcategories&post=32167"},{"taxonomy":"post_tag","embeddable":true,"href":"https:\/\/encuentroinformativo.com.mx\/index.php?rest_route=%2Fwp%2Fv2%2Ftags&post=32167"}],"curies":[{"name":"wp","href":"https:\/\/api.w.org\/{rel}","templated":true}]}}