{"id":32170,"date":"2022-09-30T09:38:03","date_gmt":"2022-09-30T14:38:03","guid":{"rendered":"https:\/\/encuentroinformativo.com.mx\/?p=32170"},"modified":"2022-09-30T09:38:12","modified_gmt":"2022-09-30T14:38:12","slug":"cuic-acribillado","status":"publish","type":"post","link":"https:\/\/encuentroinformativo.com.mx\/?p=32170","title":{"rendered":"CUIC, \u201cACRIBILLADO\u201d"},"content":{"rendered":"\n<p><strong>Los Pol\u00edticos<\/strong><\/p>\n\n\n\n<p><strong>Salvador Mu\u00f1oz<\/strong><\/p>\n\n\n\n<p>\u00bfQu\u00e9 pueden tener en com\u00fan una criba, el Gober Cuic y una buena taza de caf\u00e9? Pudiera ser que nada pero\u2026<\/p>\n\n\n\n<p>Mientras me tomaba una taza de caf\u00e9, escuchaba al Gober que correg\u00eda a la prensa en los datos de uno de los tantos hechos lamentables que han sacudido nuestra entidad: el asesinato de un sastre en Coatzacoalcos, que de acuerdo a la informaci\u00f3n, se opuso a un atraco.<\/p>\n\n\n\n<p>La correcci\u00f3n que hac\u00eda el mandatario era que la persona hab\u00eda muerto \u201ca pu\u00f1aladas\u201d, no \u201cacribillada\u201d\u2026 y recalc\u00f3: \u201clos medios mienten, as\u00ed de descarado\u201d.<\/p>\n\n\n\n<p>Ah, pero el asunto que todav\u00eda genera m\u00e1s ruido, es que de acuerdo a lo que dijo el Gober, la intenci\u00f3n de los medios de comunicaci\u00f3n con \u201cestas mentiras\u201d es hacer ver a la entidad, como un lugar violento\u2026<\/p>\n\n\n\n<p>\u00bfY qu\u00e9 tiene que ver la criba con los \u201cdesmentidos\u201d de Cuic?<\/p>\n\n\n\n<p>Muy simple\u2026<\/p>\n\n\n\n<p>Primero, una criba es usada para separar granos, como los del caf\u00e9, en este caso, por tama\u00f1o\u2026 al poner los granos en la criba y empezar el zangoloteo, los granos grandes quedan arriba, y el resto, pasa por unos agujeros\u2026 selecci\u00f3n, pues.<\/p>\n\n\n\n<p>Criba en s\u00ed, significa separar, de acuerdo a sus ra\u00edces etimol\u00f3gicas. El instrumento dio lugar a una palabra que hizo menci\u00f3n el Gober: Acribillar.<\/p>\n\n\n\n<p>Antes, se empleaba \u201cacribillar\u201d para decir que se iba a separar el caf\u00e9, el trigo u otro grano\u2026<\/p>\n\n\n\n<p>\u00bfCu\u00e1ndo la nota policiaca hizo la analog\u00eda o comparativa, como quiera decirle, de usar \u201cacribillado\u201d en la v\u00edctima de un crimen con violencia? No lo s\u00e9\u2026 el asunto es en c\u00f3mo lo emplea.<\/p>\n\n\n\n<p>Una figura muy similar a \u201cacribillado\u201d es la de \u201ccoser a pu\u00f1aladas\u201d y no s\u00e9 si tenga referencia a la famosa m\u00e1quina Singer cuya aguja entraba una, otra y una m\u00e1s, de manera vertiginosa sobre la tela\u2026<\/p>\n\n\n\n<p>\u00bfY en acribillar? \u00a1Por la cantidad de agujeros que tiene la criba!<\/p>\n\n\n\n<p>\u00bfY qu\u00e9 cree? Pues se puede \u201cacribillar\u201d sea con pu\u00f1aladas como bien lo apunt\u00f3 el Gober\u2026 \u00a1o a balazos! Es decir, si hubo una nota que usara la palabra \u201cacribillado\u201d, est\u00e1 bien empleada la figura, aunque siendo francos, revisando 13 portales de informaci\u00f3n, ninguno la utiliz\u00f3\u2026 para m\u00e1s, dos usaron \u00a1\u201cestocadas\u201d!<\/p>\n\n\n\n<p>En pocas palabras, Gober, en s\u00ed, no es el \u201cverbo\u201d empleado el que \u201cpretende\u201d dar intenci\u00f3n de hacer de Veracruz una entidad violenta\u2026 en s\u00ed, es el hecho, cuando a mediod\u00eda, tres sujetos entran a un negocio y sin que se tenga en claro los motivos, acribillan con armas blancas a una persona\u2026 o en una ma\u00f1ana, una maestra es ejecutada desde una motocicleta, a tiros\u2026 o que en el centro de Orizaba, durante dos horas, se desate una balacera\u2026<\/p>\n\n\n\n<p>Los medios de informaci\u00f3n s\u00f3lo exponen lo que ocurre en nuestra sociedad y as\u00ed como publican detenci\u00f3n de delincuentes, igual lo hacen con la realidad lacerante, cuando los hechos de violencia revientan a un hogar, a una madre, a una familia\u2026 y aqu\u00ed no se trata de cifras, porque las vidas no son n\u00fameros, no tienen colores, tampoco siglas\u2026 son personas\u2026 una realidad que \u201cacribilla\u201d a los \u201chechos aislados\u201d del Gobernador.&nbsp;<\/p>\n\n\n\n<p>Empezar a entender eso, es un paso para ser m\u00e1s emp\u00e1tico con la sociedad que con una ideolog\u00eda\u2026<\/p>\n\n\n\n<p>S\u00ed, entiendo que quiz\u00e1s por no estar involucrado en la jerga policiaca, no entienda el Gober el sentido de \u201cacribillar\u201d y eso no es malo, es hasta cierto punto razonable y comprensible; lo que no es aceptable es que pretenda azuzar a la gente contra los medios\u2026 eso s\u00ed es totalmente irresponsable y de cierto modo, una forma muy simple de escurrir el bulto\u2026 o para que la entienda el ingeniero: salirse por la tangente\u2026<\/p>\n\n\n\n<p>Ahora entienden qu\u00e9 puede tener en com\u00fan una criba y el Gober Cuic\u2026<\/p>\n\n\n\n<p>\u00bfY la taza de un buen caf\u00e9?<\/p>\n\n\n\n<p>\u00a1Se la acepto cuando guste!<\/p>\n","protected":false},"excerpt":{"rendered":"<p>Los Pol\u00edticos Salvador Mu\u00f1oz \u00bfQu\u00e9 pueden tener en com\u00fan una criba, el Gober Cuic y una buena taza de caf\u00e9? Pudiera ser que nada pero\u2026 Mientras me tomaba una taza de caf\u00e9, escuchaba al Gober que correg\u00eda a la prensa en los datos de uno de los tantos hechos lamentables que han sacudido nuestra entidad: [&hellip;]<\/p>\n","protected":false},"author":1,"featured_media":387,"comment_status":"open","ping_status":"open","sticky":false,"template":"","format":"standard","meta":{"_jetpack_memberships_contains_paid_content":false,"footnotes":""},"categories":[11],"tags":[],"class_list":["post-32170","post","type-post","status-publish","format-standard","has-post-thumbnail","hentry","category-opinion"],"jetpack_featured_media_url":"https:\/\/encuentroinformativo.com.mx\/wp-content\/uploads\/2020\/03\/7CF8A22B-2764-47BE-8F7F-38FE9E5D6A2F.jpeg","jetpack_sharing_enabled":true,"jetpack_likes_enabled":true,"amp_enabled":true,"_links":{"self":[{"href":"https:\/\/encuentroinformativo.com.mx\/index.php?rest_route=\/wp\/v2\/posts\/32170","targetHints":{"allow":["GET"]}}],"collection":[{"href":"https:\/\/encuentroinformativo.com.mx\/index.php?rest_route=\/wp\/v2\/posts"}],"about":[{"href":"https:\/\/encuentroinformativo.com.mx\/index.php?rest_route=\/wp\/v2\/types\/post"}],"author":[{"embeddable":true,"href":"https:\/\/encuentroinformativo.com.mx\/index.php?rest_route=\/wp\/v2\/users\/1"}],"replies":[{"embeddable":true,"href":"https:\/\/encuentroinformativo.com.mx\/index.php?rest_route=%2Fwp%2Fv2%2Fcomments&post=32170"}],"version-history":[{"count":1,"href":"https:\/\/encuentroinformativo.com.mx\/index.php?rest_route=\/wp\/v2\/posts\/32170\/revisions"}],"predecessor-version":[{"id":32171,"href":"https:\/\/encuentroinformativo.com.mx\/index.php?rest_route=\/wp\/v2\/posts\/32170\/revisions\/32171"}],"wp:featuredmedia":[{"embeddable":true,"href":"https:\/\/encuentroinformativo.com.mx\/index.php?rest_route=\/wp\/v2\/media\/387"}],"wp:attachment":[{"href":"https:\/\/encuentroinformativo.com.mx\/index.php?rest_route=%2Fwp%2Fv2%2Fmedia&parent=32170"}],"wp:term":[{"taxonomy":"category","embeddable":true,"href":"https:\/\/encuentroinformativo.com.mx\/index.php?rest_route=%2Fwp%2Fv2%2Fcategories&post=32170"},{"taxonomy":"post_tag","embeddable":true,"href":"https:\/\/encuentroinformativo.com.mx\/index.php?rest_route=%2Fwp%2Fv2%2Ftags&post=32170"}],"curies":[{"name":"wp","href":"https:\/\/api.w.org\/{rel}","templated":true}]}}