{"id":32172,"date":"2022-09-30T12:55:25","date_gmt":"2022-09-30T17:55:25","guid":{"rendered":"https:\/\/encuentroinformativo.com.mx\/?p=32172"},"modified":"2022-09-30T12:55:30","modified_gmt":"2022-09-30T17:55:30","slug":"buscan-demoler-palacio-municipal-de-banderilla","status":"publish","type":"post","link":"https:\/\/encuentroinformativo.com.mx\/?p=32172","title":{"rendered":"Buscan demoler palacio municipal de Banderilla"},"content":{"rendered":"\n<p><strong>Juan Arcos<\/strong><\/p>\n\n\n\n<p>Banderilla, Ver.- Ciudadanos reprobaron que el ayuntamiento de Banderilla pretenda demoler el Palacio Municipal, un monumento hist\u00f3rico.<\/p>\n\n\n\n<p>Hay un proyecto ejecutivo para la construcci\u00f3n de un nuevo edificio con estructura arquitect\u00f3nica moderna.<\/p>\n\n\n\n<p>\u201cMe dicen que el Presidente Municipal de mi amado Banderilla, ha decidido derrumbar el Palacio Municipal, un edificio hist\u00f3rico de corte colonial, que data de principios del siglo pasado, para construir este esperpento moderno en su lugar\u201d, increpan.<\/p>\n\n\n\n<p>El actual gobierno municipal presuntamente argumenta que el recinto p\u00fablico presenta un da\u00f1o estructural.<\/p>\n\n\n\n<p>\u201cEsgrime, seg\u00fan me dicen, un dictamen de da\u00f1o estructural, que corresponde m\u00e1s bien a las edificaciones posteriores, y no a la estructura original\u201d, a\u00f1aden.<\/p>\n\n\n\n<p>Los pobladores de Banderilla est\u00e1n preocupados por esta situaci\u00f3n que podr\u00eda considerarse como un atentado contra el patrimonio hist\u00f3rico del municipio y de Veracruz.<\/p>\n\n\n\n<p>\u201cOjal\u00e1 se detenga esta intentona de derruir la historia en aras de una pretendida modernidad, y derribar este palacio con tanta historia, en el que despachara mi abuelo hace algunas d\u00e9cadas, entre tantos grandes hombres de la historia de este hermoso pueblo\u201d, increparon.<\/p>\n\n\n\n<p>Por tal motivo, la gente pidi\u00f3 la intervenci\u00f3n del gobernador del estado, Cuitl\u00e1huac Garc\u00eda Jim\u00e9nez para evitar que el palacio sea demolido.<\/p>\n\n\n\n<p>El pasado 15 de septiembre, el alcalde de Banderilla, David Sangabriel Bonilla, acompa\u00f1ado de otros ediles, dio el banderazo de inicio a los trabajos de construcci\u00f3n la primera etapa del nuevo Palacio Municipal.<\/p>\n\n\n\n<p>El ayuntamiento presuntamente solicit\u00f3 un dictamen de riesgo a la Secretar\u00eda de Protecci\u00f3n Civil para construir el edificio, ya que el actual, debido a su antig\u00fcedad y los da\u00f1os causados por los efectos de los sismos de 1985 y 2017.<\/p>\n","protected":false},"excerpt":{"rendered":"<p>Juan Arcos Banderilla, Ver.- Ciudadanos reprobaron que el ayuntamiento de Banderilla pretenda demoler el Palacio Municipal, un monumento hist\u00f3rico. Hay un proyecto ejecutivo para la construcci\u00f3n de un nuevo edificio con estructura arquitect\u00f3nica moderna. \u201cMe dicen que el Presidente Municipal de mi amado Banderilla, ha decidido derrumbar el Palacio Municipal, un edificio hist\u00f3rico de corte [&hellip;]<\/p>\n","protected":false},"author":1,"featured_media":32173,"comment_status":"open","ping_status":"open","sticky":false,"template":"","format":"standard","meta":{"_jetpack_memberships_contains_paid_content":false,"footnotes":""},"categories":[8],"tags":[],"class_list":["post-32172","post","type-post","status-publish","format-standard","has-post-thumbnail","hentry","category-region"],"jetpack_featured_media_url":"https:\/\/encuentroinformativo.com.mx\/wp-content\/uploads\/2022\/09\/6351FE83-C985-4C27-9F4D-5606A97D445E.jpeg","jetpack_sharing_enabled":true,"jetpack_likes_enabled":true,"amp_enabled":true,"_links":{"self":[{"href":"https:\/\/encuentroinformativo.com.mx\/index.php?rest_route=\/wp\/v2\/posts\/32172","targetHints":{"allow":["GET"]}}],"collection":[{"href":"https:\/\/encuentroinformativo.com.mx\/index.php?rest_route=\/wp\/v2\/posts"}],"about":[{"href":"https:\/\/encuentroinformativo.com.mx\/index.php?rest_route=\/wp\/v2\/types\/post"}],"author":[{"embeddable":true,"href":"https:\/\/encuentroinformativo.com.mx\/index.php?rest_route=\/wp\/v2\/users\/1"}],"replies":[{"embeddable":true,"href":"https:\/\/encuentroinformativo.com.mx\/index.php?rest_route=%2Fwp%2Fv2%2Fcomments&post=32172"}],"version-history":[{"count":1,"href":"https:\/\/encuentroinformativo.com.mx\/index.php?rest_route=\/wp\/v2\/posts\/32172\/revisions"}],"predecessor-version":[{"id":32174,"href":"https:\/\/encuentroinformativo.com.mx\/index.php?rest_route=\/wp\/v2\/posts\/32172\/revisions\/32174"}],"wp:featuredmedia":[{"embeddable":true,"href":"https:\/\/encuentroinformativo.com.mx\/index.php?rest_route=\/wp\/v2\/media\/32173"}],"wp:attachment":[{"href":"https:\/\/encuentroinformativo.com.mx\/index.php?rest_route=%2Fwp%2Fv2%2Fmedia&parent=32172"}],"wp:term":[{"taxonomy":"category","embeddable":true,"href":"https:\/\/encuentroinformativo.com.mx\/index.php?rest_route=%2Fwp%2Fv2%2Fcategories&post=32172"},{"taxonomy":"post_tag","embeddable":true,"href":"https:\/\/encuentroinformativo.com.mx\/index.php?rest_route=%2Fwp%2Fv2%2Ftags&post=32172"}],"curies":[{"name":"wp","href":"https:\/\/api.w.org\/{rel}","templated":true}]}}