{"id":32182,"date":"2022-09-30T16:38:44","date_gmt":"2022-09-30T21:38:44","guid":{"rendered":"https:\/\/encuentroinformativo.com.mx\/?p=32182"},"modified":"2022-09-30T16:38:51","modified_gmt":"2022-09-30T21:38:51","slug":"ninos-afectados-por-adeudo-de-gobierno-con-el-crit-de-poza-rica","status":"publish","type":"post","link":"https:\/\/encuentroinformativo.com.mx\/?p=32182","title":{"rendered":"Ni\u00f1os afectados por adeudo de Gobierno con el CRIT de Poza Rica"},"content":{"rendered":"\n<p><strong>Alejandro \u00c1vila<\/strong><\/p>\n\n\n\n<p>Poza Rica, Ver.- Casi mil ni\u00f1os est\u00e1n siendo afectados por el adeudo de 20 millones de pesos que mantiene el Gobierno de Veracruz con el Centro de Rehabilitaci\u00f3n Infantil Telet\u00f3n (CRIT) en Poza Rica.<\/p>\n\n\n\n<p>El director general, \u00c1ngel Ren\u00e9 Zavaleta Mora se\u00f1al\u00f3 que, a pesar de que la fundaci\u00f3n ha cumplido con los compromisos pactados con el Gobierno Estatal y Federal, como el de ampliar la capacidad de atenci\u00f3n, para poder acceder a los apoyos econ\u00f3micos de mantenimiento, las autoridades no han cumplido con su parte, ya que el Gobierno de Veracruz a\u00fan les adeuda los 20 millones de pesos correspondientes al 2022.<\/p>\n\n\n\n<p>Entrevistado al respecto, asever\u00f3 que tanto la administraci\u00f3n del gobernador Cuitl\u00e1huac Garc\u00eda Jim\u00e9nez, como la del Presiente de la Rep\u00fablica, Andr\u00e9s Manuel L\u00f3pez Obrador, les solicitaron al CRIT aumentar su capacidad de atenci\u00f3n a menores en los centros, para poder apoyar a la fundaci\u00f3n con recursos para gastos de mantenimiento.&nbsp;<\/p>\n\n\n\n<p>En el caso del CRIT Veracruz se ampli\u00f3 la capacidad de pacientes, que paso de los 450 a 911 pacientes, literalmente se duplic\u00f3 el n\u00famero de menores atendidos, tambi\u00e9n se contrat\u00f3 a m\u00e1s personal m\u00e9dico, especialistas, y administrativos, sin embargo, el Gobierno del Estado no ha cumplido con su compromiso, puesto que no les ha pagado los 20 millones de pasos referentes a este a\u00f1o.&nbsp;<\/p>\n\n\n\n<p>El gobierno federal, a trav\u00e9s de la Secretar\u00eda del Bienestar, mantiene afiliados a su programa de apoyo a pero as con discapacidad al 80 por ciento de los pacientes, es decir que de los 911 pacientes, 777 son ciudadanos que apoya la federaci\u00f3n, y por los que debe pagar sus terapias.&nbsp;<\/p>\n\n\n\n<p>Aclar\u00f3 que esta clase de convenios son de suma importancia para el CRIT Veracruz, ya que de esta manera se logra reunir el dinero necesario para garantizar el funcionamiento del centro, y asegurar que los pacientes cuenten con todos los servicios de rehabilitaci\u00f3n, que solo se logra si las autoridades cumplen con su parte.<\/p>\n","protected":false},"excerpt":{"rendered":"<p>Alejandro \u00c1vila Poza Rica, Ver.- Casi mil ni\u00f1os est\u00e1n siendo afectados por el adeudo de 20 millones de pesos que mantiene el Gobierno de Veracruz con el Centro de Rehabilitaci\u00f3n Infantil Telet\u00f3n (CRIT) en Poza Rica. El director general, \u00c1ngel Ren\u00e9 Zavaleta Mora se\u00f1al\u00f3 que, a pesar de que la fundaci\u00f3n ha cumplido con los [&hellip;]<\/p>\n","protected":false},"author":1,"featured_media":32183,"comment_status":"open","ping_status":"open","sticky":false,"template":"","format":"standard","meta":{"_jetpack_memberships_contains_paid_content":false,"footnotes":""},"categories":[2],"tags":[],"class_list":["post-32182","post","type-post","status-publish","format-standard","has-post-thumbnail","hentry","category-estado"],"jetpack_featured_media_url":"https:\/\/encuentroinformativo.com.mx\/wp-content\/uploads\/2022\/09\/59F120A2-1E7F-45F2-A80D-2D87ADB27495.jpeg","jetpack_sharing_enabled":true,"jetpack_likes_enabled":true,"amp_enabled":true,"_links":{"self":[{"href":"https:\/\/encuentroinformativo.com.mx\/index.php?rest_route=\/wp\/v2\/posts\/32182","targetHints":{"allow":["GET"]}}],"collection":[{"href":"https:\/\/encuentroinformativo.com.mx\/index.php?rest_route=\/wp\/v2\/posts"}],"about":[{"href":"https:\/\/encuentroinformativo.com.mx\/index.php?rest_route=\/wp\/v2\/types\/post"}],"author":[{"embeddable":true,"href":"https:\/\/encuentroinformativo.com.mx\/index.php?rest_route=\/wp\/v2\/users\/1"}],"replies":[{"embeddable":true,"href":"https:\/\/encuentroinformativo.com.mx\/index.php?rest_route=%2Fwp%2Fv2%2Fcomments&post=32182"}],"version-history":[{"count":1,"href":"https:\/\/encuentroinformativo.com.mx\/index.php?rest_route=\/wp\/v2\/posts\/32182\/revisions"}],"predecessor-version":[{"id":32184,"href":"https:\/\/encuentroinformativo.com.mx\/index.php?rest_route=\/wp\/v2\/posts\/32182\/revisions\/32184"}],"wp:featuredmedia":[{"embeddable":true,"href":"https:\/\/encuentroinformativo.com.mx\/index.php?rest_route=\/wp\/v2\/media\/32183"}],"wp:attachment":[{"href":"https:\/\/encuentroinformativo.com.mx\/index.php?rest_route=%2Fwp%2Fv2%2Fmedia&parent=32182"}],"wp:term":[{"taxonomy":"category","embeddable":true,"href":"https:\/\/encuentroinformativo.com.mx\/index.php?rest_route=%2Fwp%2Fv2%2Fcategories&post=32182"},{"taxonomy":"post_tag","embeddable":true,"href":"https:\/\/encuentroinformativo.com.mx\/index.php?rest_route=%2Fwp%2Fv2%2Ftags&post=32182"}],"curies":[{"name":"wp","href":"https:\/\/api.w.org\/{rel}","templated":true}]}}