{"id":32185,"date":"2022-09-30T16:47:50","date_gmt":"2022-09-30T21:47:50","guid":{"rendered":"https:\/\/encuentroinformativo.com.mx\/?p=32185"},"modified":"2022-09-30T16:47:56","modified_gmt":"2022-09-30T21:47:56","slug":"transportistas-piden-consulta-para-ley-de-movilidad","status":"publish","type":"post","link":"https:\/\/encuentroinformativo.com.mx\/?p=32185","title":{"rendered":"Transportistas piden consulta para Ley de Movilidad"},"content":{"rendered":"\n<p><strong>Dar\u00edo Pale<\/strong> <\/p>\n\n\n\n<p>Xalapa, Ver.- Tomas Mar\u00edn Arellano integrante de la Federaci\u00f3n Veracruzana de Transportistas en Todas sus Modalidades, exigieron que se realice una consulta para elaborar la Ley de Movilidad y Seguridad Vial, pese a que desconocen c\u00f3mo se organiza una consulta popular para que resulte vinculante.<\/p>\n\n\n\n<p>En conferencia de prensa, se\u00f1alaron que quieren que se garantice en la Constituci\u00f3n el derecho a la seguridad y movilidad vial y piden desechar iniciativas de diputados.<\/p>\n\n\n\n<p>Solicitaron al Poder Legislativo que asuma sus atribuciones de manera responsable y aprueben la consulta, toda vez que el reglamento interior en su art\u00edculo 152 ordena que se realicen consultas ciudadanas, a\u00fan y cuando el plazo para la homologaci\u00f3n de la Ley en Materia de Movilidad y Seguridad Vial, aprobada en noviembre de 2020, vence en noviembre de este a\u00f1o.<\/p>\n\n\n\n<p>El l\u00edder transportista critic\u00f3 las iniciativas presentadas por el diputado ot\u00f3n Hern\u00e1ndez candanedo sobre la Ley de Movilidad y Seguridad Vial, as\u00ed como la de la diputada Maribel Ram\u00edrez Topete, que va en el mismo sentido, ya que en Veracruz no est\u00e1 garantizada en la Constituci\u00f3n el derecho humano a la movilidad y seguridad vial.<\/p>\n\n\n\n<p>Por lo que exigieron al Congreso del Estado se desechen tales propuestas, ya que primero se debe modificar la Constituci\u00f3n y luego se hagan las leyes secundarias.<\/p>\n\n\n\n<p>&#8220;Nosotros los transportistas solicitamos al Poder Legislativo que respete sus mismas normas, porque no es justo que hagan leyes sin hacer una \u00a0consulta ciudadana&#8221;, expres\u00f3.<\/p>\n\n\n\n<p>Cuestionado sobre la modernidad a la que se deber\u00e1 sujetar todo el transporte p\u00fablico, respondi\u00f3 que est\u00e1n a favor de comprar nuevas unidades con el apoyo que se establece en la ley general en la materia.<\/p>\n\n\n\n<p>Los integrantes de la Federaci\u00f3n adem\u00e1s exigieron que se cree una secretar\u00eda de Movilidad y Seguridad Vial para que el Estado no se quede atr\u00e1s de otras entidades.<\/p>\n\n\n\n<p>Por otra parte, rechazaron que los taxistas que se ubican en la Central de Autobuses de Xalapa (Xalapa), cobren cuotas excesivas a los usuarios, incluso presumieron que son ch\u00f3feres capacitados, con uniformes y seguros, aunque admitieron que nadie los regula para hacer el cobro que deseen.<\/p>\n\n\n\n<p>&#8220;La Ley establece que el Gobierno debe hacer estudios socioecon\u00f3micos para determinar los nuevos costos, no los han hecho&#8221;, se\u00f1al\u00f3.<\/p>\n\n\n\n<p>Finalmente dieron a conocer que, &#8220;nosotros no hacemos eso (cobrar lo que quieren), nosotros ya tenemos unas tarifas establecidas. Lo que acaba de decir es mentira, nosotros no cobramos esos 70 que dicen, cobramos 50 de Caxa al centro&#8221;.<\/p>\n","protected":false},"excerpt":{"rendered":"<p>Dar\u00edo Pale Xalapa, Ver.- Tomas Mar\u00edn Arellano integrante de la Federaci\u00f3n Veracruzana de Transportistas en Todas sus Modalidades, exigieron que se realice una consulta para elaborar la Ley de Movilidad y Seguridad Vial, pese a que desconocen c\u00f3mo se organiza una consulta popular para que resulte vinculante. En conferencia de prensa, se\u00f1alaron que quieren que [&hellip;]<\/p>\n","protected":false},"author":1,"featured_media":32186,"comment_status":"open","ping_status":"open","sticky":false,"template":"","format":"standard","meta":{"_jetpack_memberships_contains_paid_content":false,"footnotes":""},"categories":[2],"tags":[],"class_list":["post-32185","post","type-post","status-publish","format-standard","has-post-thumbnail","hentry","category-estado"],"jetpack_featured_media_url":"https:\/\/encuentroinformativo.com.mx\/wp-content\/uploads\/2022\/09\/5C19FDB0-4116-4CD8-AD97-1DC5D2CAB237.jpeg","jetpack_sharing_enabled":true,"jetpack_likes_enabled":true,"amp_enabled":true,"_links":{"self":[{"href":"https:\/\/encuentroinformativo.com.mx\/index.php?rest_route=\/wp\/v2\/posts\/32185","targetHints":{"allow":["GET"]}}],"collection":[{"href":"https:\/\/encuentroinformativo.com.mx\/index.php?rest_route=\/wp\/v2\/posts"}],"about":[{"href":"https:\/\/encuentroinformativo.com.mx\/index.php?rest_route=\/wp\/v2\/types\/post"}],"author":[{"embeddable":true,"href":"https:\/\/encuentroinformativo.com.mx\/index.php?rest_route=\/wp\/v2\/users\/1"}],"replies":[{"embeddable":true,"href":"https:\/\/encuentroinformativo.com.mx\/index.php?rest_route=%2Fwp%2Fv2%2Fcomments&post=32185"}],"version-history":[{"count":1,"href":"https:\/\/encuentroinformativo.com.mx\/index.php?rest_route=\/wp\/v2\/posts\/32185\/revisions"}],"predecessor-version":[{"id":32187,"href":"https:\/\/encuentroinformativo.com.mx\/index.php?rest_route=\/wp\/v2\/posts\/32185\/revisions\/32187"}],"wp:featuredmedia":[{"embeddable":true,"href":"https:\/\/encuentroinformativo.com.mx\/index.php?rest_route=\/wp\/v2\/media\/32186"}],"wp:attachment":[{"href":"https:\/\/encuentroinformativo.com.mx\/index.php?rest_route=%2Fwp%2Fv2%2Fmedia&parent=32185"}],"wp:term":[{"taxonomy":"category","embeddable":true,"href":"https:\/\/encuentroinformativo.com.mx\/index.php?rest_route=%2Fwp%2Fv2%2Fcategories&post=32185"},{"taxonomy":"post_tag","embeddable":true,"href":"https:\/\/encuentroinformativo.com.mx\/index.php?rest_route=%2Fwp%2Fv2%2Ftags&post=32185"}],"curies":[{"name":"wp","href":"https:\/\/api.w.org\/{rel}","templated":true}]}}