{"id":32194,"date":"2022-09-30T18:13:49","date_gmt":"2022-09-30T23:13:49","guid":{"rendered":"https:\/\/encuentroinformativo.com.mx\/?p=32194"},"modified":"2022-09-30T18:13:54","modified_gmt":"2022-09-30T23:13:54","slug":"demandan-al-gobierno-federal-aumentar-apoyos-para-cafeticultores","status":"publish","type":"post","link":"https:\/\/encuentroinformativo.com.mx\/?p=32194","title":{"rendered":"Demandan al Gobierno Federal aumentar apoyos para cafeticultores"},"content":{"rendered":"\n<p><strong>Juan Arcos <\/strong><\/p>\n\n\n\n<p>Xalapa, Ver.- El gobierno federal debe incrementar los apoyos econ\u00f3micos que realmente beneficien a los productores de caf\u00e9 para garantizar una \u201ccafeticultura sostenible\u201d, consider\u00f3 Fernando Celis Callejas, asesor de la Coordinadora Nacional de Organizaciones Cafetaleras (CNOC).<\/p>\n\n\n\n<p>Durante su participaci\u00f3n en la primera jornada informativa y de an\u00e1lisis en el marco del D\u00eda Internacional del Caf\u00e9, que lleva el nombre \u201cContexto actual de la Cafeticultura en M\u00e9xico\u201d, se\u00f1al\u00f3 que es necesario un apoyo fiscal por los beneficios ambientales que brindan los cultivos de caf\u00e9 con sombra.<\/p>\n\n\n\n<p>\u201cEs la protecci\u00f3n de la biodiversidad, de las cuencas hidrol\u00f3gicas. Ah\u00ed la sociedad y gobierno tienen que ver pisos estrat\u00e9gicos, porque luego dicen: s\u00ed le damos al caf\u00e9 hay que darle a todo mundo. No, el caf\u00e9 tiene \u00e1rboles, manejo de suelos\u201d, expres\u00f3.<\/p>\n\n\n\n<p>En el evento que se llev\u00f3 a cabo este viernes 30 de septiembre en el Teatro J. J. Herrera de esta ciudad de Xalapa, el l\u00edder cafetalero destac\u00f3 la importancia de incrementar los ingresos econ\u00f3micos para las familias cafetaleras.<\/p>\n\n\n\n<p>Coment\u00f3 que ha sido complicado incrementar la producci\u00f3n en Veracruz y a nivel nacional, debido a que no hay un apoyo \u201cdiferenciado\u201d por niveles de productividad.<\/p>\n\n\n\n<p>\u201cLo que vemos actualmente es que el productor, por alguna extra\u00f1a raz\u00f3n, no le mete recursos propios para la compra de planta y hacer renovaci\u00f3n de cafetales\u201d, enfatiz\u00f3.<\/p>\n\n\n\n<p>En ese sentido, insisti\u00f3 en que tambi\u00e9n se requiere un apoyo fiscal para la compra de la planta de caf\u00e9 por parte de la Federaci\u00f3n, a trav\u00e9s de los programas sociales, como Producci\u00f3n para el Bienestar.<\/p>\n\n\n\n<p>\u201cEl programa deber\u00eda aumentar o ejecutarse otro programa y definir que una parte del dinero sea para renovar cafetales. Si no se hace renovaci\u00f3n de cafetales, no va a aumentar la producci\u00f3n\u201d, a\u00f1adi\u00f3 Celis Callejas.<\/p>\n\n\n\n<p>Tambi\u00e9n refiri\u00f3 que es necesario que el gobierno, mediante la aprobaci\u00f3n de la iniciativa de la Ley del Caf\u00e9 presentada en el Senado de la Rep\u00fablica, detenga las importaciones de caf\u00e9 robusta, de calidades inferiores y de precios muy bajos, por parte de las empresas transnacionales.<\/p>\n","protected":false},"excerpt":{"rendered":"<p>Juan Arcos Xalapa, Ver.- El gobierno federal debe incrementar los apoyos econ\u00f3micos que realmente beneficien a los productores de caf\u00e9 para garantizar una \u201ccafeticultura sostenible\u201d, consider\u00f3 Fernando Celis Callejas, asesor de la Coordinadora Nacional de Organizaciones Cafetaleras (CNOC). Durante su participaci\u00f3n en la primera jornada informativa y de an\u00e1lisis en el marco del D\u00eda Internacional [&hellip;]<\/p>\n","protected":false},"author":1,"featured_media":32195,"comment_status":"open","ping_status":"open","sticky":false,"template":"","format":"standard","meta":{"_jetpack_memberships_contains_paid_content":false,"footnotes":""},"categories":[8],"tags":[],"class_list":["post-32194","post","type-post","status-publish","format-standard","has-post-thumbnail","hentry","category-region"],"jetpack_featured_media_url":"https:\/\/encuentroinformativo.com.mx\/wp-content\/uploads\/2022\/09\/01F32A39-F60B-4CFC-91E6-BB3513AB866C.jpeg","jetpack_sharing_enabled":true,"jetpack_likes_enabled":true,"amp_enabled":true,"_links":{"self":[{"href":"https:\/\/encuentroinformativo.com.mx\/index.php?rest_route=\/wp\/v2\/posts\/32194","targetHints":{"allow":["GET"]}}],"collection":[{"href":"https:\/\/encuentroinformativo.com.mx\/index.php?rest_route=\/wp\/v2\/posts"}],"about":[{"href":"https:\/\/encuentroinformativo.com.mx\/index.php?rest_route=\/wp\/v2\/types\/post"}],"author":[{"embeddable":true,"href":"https:\/\/encuentroinformativo.com.mx\/index.php?rest_route=\/wp\/v2\/users\/1"}],"replies":[{"embeddable":true,"href":"https:\/\/encuentroinformativo.com.mx\/index.php?rest_route=%2Fwp%2Fv2%2Fcomments&post=32194"}],"version-history":[{"count":1,"href":"https:\/\/encuentroinformativo.com.mx\/index.php?rest_route=\/wp\/v2\/posts\/32194\/revisions"}],"predecessor-version":[{"id":32196,"href":"https:\/\/encuentroinformativo.com.mx\/index.php?rest_route=\/wp\/v2\/posts\/32194\/revisions\/32196"}],"wp:featuredmedia":[{"embeddable":true,"href":"https:\/\/encuentroinformativo.com.mx\/index.php?rest_route=\/wp\/v2\/media\/32195"}],"wp:attachment":[{"href":"https:\/\/encuentroinformativo.com.mx\/index.php?rest_route=%2Fwp%2Fv2%2Fmedia&parent=32194"}],"wp:term":[{"taxonomy":"category","embeddable":true,"href":"https:\/\/encuentroinformativo.com.mx\/index.php?rest_route=%2Fwp%2Fv2%2Fcategories&post=32194"},{"taxonomy":"post_tag","embeddable":true,"href":"https:\/\/encuentroinformativo.com.mx\/index.php?rest_route=%2Fwp%2Fv2%2Ftags&post=32194"}],"curies":[{"name":"wp","href":"https:\/\/api.w.org\/{rel}","templated":true}]}}