{"id":32197,"date":"2022-10-01T03:42:24","date_gmt":"2022-10-01T08:42:24","guid":{"rendered":"https:\/\/encuentroinformativo.com.mx\/?p=32197"},"modified":"2022-10-01T03:42:28","modified_gmt":"2022-10-01T08:42:28","slug":"palacio-municipal-de-boca-del-rio-se-ilumino-de-rosa","status":"publish","type":"post","link":"https:\/\/encuentroinformativo.com.mx\/?p=32197","title":{"rendered":"Palacio Municipal de Boca del R\u00edo se ilumin\u00f3 de rosa"},"content":{"rendered":"\n<p><strong>*<em>En el marco del mes de la lucha contra el C\u00e1ncer de Mama<\/em>.<\/strong><\/p>\n\n\n\n<p>Boca del R\u00edo, Ver.- La noche de este viernes, el Palacio Municipal de Boca del Rio, se ilumin\u00f3 de rosa en el marco del mes de la lucha contra el c\u00e1ncer de mama.<\/p>\n\n\n\n<p>La presidenta del DIF Municipal, Melina Rivera de Un\u00e1nue, estuvo acompa\u00f1ada por funcionarias del ayuntamiento, representantes de asociaciones civiles y mujeres boque\u00f1as que se dieron cita en la plaza c\u00edvica Benito Ju\u00e1rez.<\/p>\n\n\n\n<p>En punto de las 19:30 horas, el palacio municipal se ilumin\u00f3 de color rosa y con esto dieron inicio las actividades de octubre contra el C\u00e1ncer de Mama.<\/p>\n\n\n\n<p>Rivera de Unanue, indic\u00f3 que, debido al incremento en el n\u00famero de casos de C\u00e1ncer de Mama, el DIF municipal ha trabajado muy fuerte para lograr que las mujeres con esta enfermedad sean diagnosticadas a tiempo, pues esto aumenta las probabilidades de sobrevivencia.<\/p>\n\n\n\n<p>\u201cLamentablemente Veracruz ocupa el segundo lugar nacional con mayor n\u00famero de casos de c\u00e1ncer de mama. Organizaciones civiles, coinciden en que debido a la pandemia, muchas mujeres dejaron de asistir a sus chequeos o no tuvieron la oportunidad de continuar recibiendo tratamientos oportunos, esta situaci\u00f3n nos hizo poner manos a la obra para ayudar a quienes m\u00e1s lo necesiten\u201d.<\/p>\n\n\n\n<p>En ese sentido, la presidenta del DIF boque\u00f1o, dio a conocer los resultados de la Gala Ben\u00e9fica DIF 2022 en conjunto con Liverpool que se llev\u00f3 a cabo el pasado 22 de septiembre en el Foro Boca; record\u00f3 que el objetivo era lograr recursos para 250 mastograf\u00edas gratuitas, sin embargo, con benepl\u00e1cito anunci\u00f3 que se logr\u00f3 superar la meta.<\/p>\n\n\n\n<p>\u201cGracias al trabajo en equipo logramos recaudar la cantidad de 137 mil 700 pesos y estoy muy contenta de poder anunciar que superamos la meta, pues no solo ser\u00e1n 250 las mujeres beneficiadas, sino que estaremos otorgando 400 mastograf\u00edas gratuitas a nuestras boque\u00f1as durante todo el mes de octubre\u201d.<\/p>\n\n\n\n<p>Estos estudios estar\u00e1n disponibles para las ciudadanas boque\u00f1as, todos los lunes, mi\u00e9rcoles y viernes de octubre, en las instalaciones del DIF municipal, en horario de 9 a 14 horas.<\/p>\n\n\n\n<p>Finalmente, agreg\u00f3 que adem\u00e1s de este beneficio, el alcalde Juan Manuel de Unanue, est\u00e1 gestionando m\u00e1s apoyos para las mujeres de Boca del Rio y el pr\u00f3ximo martes estar\u00e1 dando los detalles de la campa\u00f1a integral \u201cpor una detecci\u00f3n oportuna\u201d.<\/p>\n\n\n\n<figure class=\"wp-block-image size-large\"><img loading=\"lazy\" decoding=\"async\" width=\"1024\" height=\"682\" src=\"https:\/\/encuentroinformativo.com.mx\/wp-content\/uploads\/2022\/10\/9C919E70-F0F8-4422-ADD6-4A714A03ECEE.jpeg\" alt=\"\" class=\"wp-image-32199\" srcset=\"https:\/\/encuentroinformativo.com.mx\/wp-content\/uploads\/2022\/10\/9C919E70-F0F8-4422-ADD6-4A714A03ECEE.jpeg 1024w, https:\/\/encuentroinformativo.com.mx\/wp-content\/uploads\/2022\/10\/9C919E70-F0F8-4422-ADD6-4A714A03ECEE-300x200.jpeg 300w, https:\/\/encuentroinformativo.com.mx\/wp-content\/uploads\/2022\/10\/9C919E70-F0F8-4422-ADD6-4A714A03ECEE-768x512.jpeg 768w\" sizes=\"auto, (max-width: 1024px) 100vw, 1024px\" \/><\/figure>\n","protected":false},"excerpt":{"rendered":"<p>*En el marco del mes de la lucha contra el C\u00e1ncer de Mama. Boca del R\u00edo, Ver.- La noche de este viernes, el Palacio Municipal de Boca del Rio, se ilumin\u00f3 de rosa en el marco del mes de la lucha contra el c\u00e1ncer de mama. La presidenta del DIF Municipal, Melina Rivera de Un\u00e1nue, [&hellip;]<\/p>\n","protected":false},"author":1,"featured_media":32198,"comment_status":"open","ping_status":"open","sticky":false,"template":"","format":"standard","meta":{"_jetpack_memberships_contains_paid_content":false,"footnotes":""},"categories":[2],"tags":[],"class_list":["post-32197","post","type-post","status-publish","format-standard","has-post-thumbnail","hentry","category-estado"],"jetpack_featured_media_url":"https:\/\/encuentroinformativo.com.mx\/wp-content\/uploads\/2022\/10\/E157EAD7-D847-46A2-8B49-96D9D1921BCC.jpeg","jetpack_sharing_enabled":true,"jetpack_likes_enabled":true,"amp_enabled":true,"_links":{"self":[{"href":"https:\/\/encuentroinformativo.com.mx\/index.php?rest_route=\/wp\/v2\/posts\/32197","targetHints":{"allow":["GET"]}}],"collection":[{"href":"https:\/\/encuentroinformativo.com.mx\/index.php?rest_route=\/wp\/v2\/posts"}],"about":[{"href":"https:\/\/encuentroinformativo.com.mx\/index.php?rest_route=\/wp\/v2\/types\/post"}],"author":[{"embeddable":true,"href":"https:\/\/encuentroinformativo.com.mx\/index.php?rest_route=\/wp\/v2\/users\/1"}],"replies":[{"embeddable":true,"href":"https:\/\/encuentroinformativo.com.mx\/index.php?rest_route=%2Fwp%2Fv2%2Fcomments&post=32197"}],"version-history":[{"count":1,"href":"https:\/\/encuentroinformativo.com.mx\/index.php?rest_route=\/wp\/v2\/posts\/32197\/revisions"}],"predecessor-version":[{"id":32200,"href":"https:\/\/encuentroinformativo.com.mx\/index.php?rest_route=\/wp\/v2\/posts\/32197\/revisions\/32200"}],"wp:featuredmedia":[{"embeddable":true,"href":"https:\/\/encuentroinformativo.com.mx\/index.php?rest_route=\/wp\/v2\/media\/32198"}],"wp:attachment":[{"href":"https:\/\/encuentroinformativo.com.mx\/index.php?rest_route=%2Fwp%2Fv2%2Fmedia&parent=32197"}],"wp:term":[{"taxonomy":"category","embeddable":true,"href":"https:\/\/encuentroinformativo.com.mx\/index.php?rest_route=%2Fwp%2Fv2%2Fcategories&post=32197"},{"taxonomy":"post_tag","embeddable":true,"href":"https:\/\/encuentroinformativo.com.mx\/index.php?rest_route=%2Fwp%2Fv2%2Ftags&post=32197"}],"curies":[{"name":"wp","href":"https:\/\/api.w.org\/{rel}","templated":true}]}}